{"id":966,"date":"2019-02-26T22:05:24","date_gmt":"2019-02-26T20:05:24","guid":{"rendered":"http:\/\/www.laracchetta.eu\/racchetta\/?p=966"},"modified":"2019-02-27T09:11:28","modified_gmt":"2019-02-27T07:11:28","slug":"aggiornamento-incendi-attivi-martedi-26-febbraio-2019","status":"publish","type":"post","link":"https:\/\/laracchetta.eu\/racchetta\/?p=966","title":{"rendered":"Aggiornamento Incendi Attivi Marted\u00ec 26 Febbraio 2019"},"content":{"rendered":"<p>FIRENZE &#8211; Migliorata la situazione dell&#8217;incendio nel Comune di Vicopisano, dove i Canadair nazionali impegnati e gli elicotteri<img loading=\"lazy\" decoding=\"async\" class=\"size-medium wp-image-967 alignright\" src=\"http:\/\/www.laracchetta.eu\/racchetta\/wp-content\/uploads\/2019\/02\/WhatsApp-Image-2019-02-26-at-12.51.36-300x77.jpeg\" alt=\"\" width=\"300\" height=\"77\" srcset=\"https:\/\/laracchetta.eu\/racchetta\/wp-content\/uploads\/2019\/02\/WhatsApp-Image-2019-02-26-at-12.51.36-300x77.jpeg 300w, https:\/\/laracchetta.eu\/racchetta\/wp-content\/uploads\/2019\/02\/WhatsApp-Image-2019-02-26-at-12.51.36-768x198.jpeg 768w, https:\/\/laracchetta.eu\/racchetta\/wp-content\/uploads\/2019\/02\/WhatsApp-Image-2019-02-26-at-12.51.36-1024x264.jpeg 1024w, https:\/\/laracchetta.eu\/racchetta\/wp-content\/uploads\/2019\/02\/WhatsApp-Image-2019-02-26-at-12.51.36-750x193.jpeg 750w, https:\/\/laracchetta.eu\/racchetta\/wp-content\/uploads\/2019\/02\/WhatsApp-Image-2019-02-26-at-12.51.36-400x103.jpeg 400w, https:\/\/laracchetta.eu\/racchetta\/wp-content\/uploads\/2019\/02\/WhatsApp-Image-2019-02-26-at-12.51.36-430x111.jpeg 430w, https:\/\/laracchetta.eu\/racchetta\/wp-content\/uploads\/2019\/02\/WhatsApp-Image-2019-02-26-at-12.51.36-150x39.jpeg 150w, https:\/\/laracchetta.eu\/racchetta\/wp-content\/uploads\/2019\/02\/WhatsApp-Image-2019-02-26-at-12.51.36-100x26.jpeg 100w, https:\/\/laracchetta.eu\/racchetta\/wp-content\/uploads\/2019\/02\/WhatsApp-Image-2019-02-26-at-12.51.36.jpeg 1600w\" sizes=\"auto, (max-width: 300px) 100vw, 300px\" \/>&nbsp;regionali hanno fatto rientro e le&nbsp;persone evacuate sono potute rientrare nelle abitazioni che non hanno subito danni. Il Coc, Centro operativo comunale, \u00e8 stato chiuso, mentre&nbsp; \u00e8 stata mantenuta l&#8217;ordinanza di chiusura delle strade&nbsp;di accesso all&#8217;area, con l&#8217;esclusione dei residenti. Le squadre di terra sono impegnate ora nelle operazioni di bonifica e messa in sicurezza dell&#8217;area, svolte da operai forestali e volontari antincendi boschivi coordinati da 4 direttori delle operazioni regionali, del comune di Vicopisano e della Citt\u00e0 metropolitana. Presenti sul posto anche squadre dei vigili del fuoco. Il Comune di Vicopisano sta fornendo il necessario supporto logistico. La superficie bruciata \u00e8 complessivamente di 230 ettari.&nbsp;<\/p>\n<p>Ancora alte, invece, le fiamme nella pineta nel Comune di Sillano-Giuncugnano, dove il sottobosco resinoso rende difficili le operazioni di spegnimento. Qui sono attivi due Canadair che continueranno a lavorare fino al tramonto, mentre sono impegnate a terra le squadre del volontariato Antincendi boschivi.<\/p>\n<p>Tutte le squadre del volontariato Aib sono mobilitate, insieme al persanale degli enti locali, anche in altre zone dove, al momento, sono attivi altri cinque incendi. Fra questi il pi\u00f9 esteso \u00e8 quello in localit\u00e0 Stiappa, nel territorio di Pescia, dove \u00e8 al lavoro anche&nbsp; un elicottero della Regione.<\/p>\n<p>A Madonna di Carpineta, Comune di Bagni di Lucca, oltre alle squadre di terra, sta intervenendo un elicottero da Lucca, che lavorer\u00e0 fino al tramonto. La zona \u00e8 impervia, sono due i fronti attivi, di circa 300 metri ciascuno.&nbsp;<\/p>\n<pre>fonte: http:\/\/www.toscana-notizie.it\/-\/vicopisano-fiamme-domate-le-persone-evacuate-rientrano-a-casa-al-via-l-opera-di-bonifica<\/pre>\n","protected":false},"excerpt":{"rendered":"<p>FIRENZE &#8211; Migliorata la situazione dell&#8217;incendio nel Comune di Vicopisano, dove i Canadair nazionali impegnati e gli elicotteri&nbsp;regionali hanno fatto rientro e le&nbsp;persone evacuate sono potute rientrare nelle abitazioni che [&hellip;]<\/p>\n","protected":false},"author":1,"featured_media":967,"comment_status":"open","ping_status":"open","sticky":false,"template":"","format":"standard","meta":{"footnotes":""},"categories":[12,3],"tags":[],"class_list":["post-966","post","type-post","status-publish","format-standard","has-post-thumbnail","hentry","category-incendio","category-racchetta-centrale"],"yoast_head":"<!-- This site is optimized with the Yoast SEO plugin v25.0 - https:\/\/yoast.com\/wordpress\/plugins\/seo\/ -->\n<title>Aggiornamento Incendi Attivi Marted\u00ec 26 Febbraio 2019 - La Racchetta ODV<\/title>\n<meta name=\"robots\" content=\"index, follow, max-snippet:-1, max-image-preview:large, max-video-preview:-1\" \/>\n<link rel=\"canonical\" href=\"https:\/\/laracchetta.eu\/racchetta\/?p=966\" \/>\n<meta property=\"og:locale\" content=\"it_IT\" \/>\n<meta property=\"og:type\" content=\"article\" \/>\n<meta property=\"og:title\" content=\"Aggiornamento Incendi Attivi Marted\u00ec 26 Febbraio 2019 - La Racchetta ODV\" \/>\n<meta property=\"og:description\" content=\"FIRENZE &#8211; Migliorata la situazione dell&#8217;incendio nel Comune di Vicopisano, dove i Canadair nazionali impegnati e gli elicotteri&nbsp;regionali hanno fatto rientro e le&nbsp;persone evacuate sono potute rientrare nelle abitazioni che [&hellip;]\" \/>\n<meta property=\"og:url\" content=\"https:\/\/laracchetta.eu\/racchetta\/?p=966\" \/>\n<meta property=\"og:site_name\" content=\"La Racchetta ODV\" \/>\n<meta property=\"article:publisher\" content=\"https:\/\/www.facebook.com\/LaRacchettaODV\" \/>\n<meta property=\"article:published_time\" content=\"2019-02-26T20:05:24+00:00\" \/>\n<meta property=\"article:modified_time\" content=\"2019-02-27T07:11:28+00:00\" \/>\n<meta property=\"og:image\" content=\"https:\/\/laracchetta.eu\/racchetta\/wp-content\/uploads\/2019\/02\/WhatsApp-Image-2019-02-26-at-12.51.36.jpeg\" \/>\n\t<meta property=\"og:image:width\" content=\"1600\" \/>\n\t<meta property=\"og:image:height\" content=\"412\" \/>\n\t<meta property=\"og:image:type\" content=\"image\/jpeg\" \/>\n<meta name=\"author\" content=\"Niccolo_Gori\" \/>\n<meta name=\"twitter:card\" content=\"summary_large_image\" \/>\n<meta name=\"twitter:label1\" content=\"Scritto da\" \/>\n\t<meta name=\"twitter:data1\" content=\"Niccolo_Gori\" \/>\n\t<meta name=\"twitter:label2\" content=\"Tempo di lettura stimato\" \/>\n\t<meta name=\"twitter:data2\" content=\"1 minuto\" \/>\n<script type=\"application\/ld+json\" class=\"yoast-schema-graph\">{\"@context\":\"https:\/\/schema.org\",\"@graph\":[{\"@type\":\"Article\",\"@id\":\"https:\/\/laracchetta.eu\/racchetta\/?p=966#article\",\"isPartOf\":{\"@id\":\"https:\/\/laracchetta.eu\/racchetta\/?p=966\"},\"author\":{\"name\":\"Niccolo_Gori\",\"@id\":\"https:\/\/laracchetta.eu\/racchetta\/#\/schema\/person\/0afcba71d540560eec3f24de9152e06d\"},\"headline\":\"Aggiornamento Incendi Attivi Marted\u00ec 26 Febbraio 2019\",\"datePublished\":\"2019-02-26T20:05:24+00:00\",\"dateModified\":\"2019-02-27T07:11:28+00:00\",\"mainEntityOfPage\":{\"@id\":\"https:\/\/laracchetta.eu\/racchetta\/?p=966\"},\"wordCount\":266,\"commentCount\":0,\"publisher\":{\"@id\":\"https:\/\/laracchetta.eu\/racchetta\/#organization\"},\"image\":{\"@id\":\"https:\/\/laracchetta.eu\/racchetta\/?p=966#primaryimage\"},\"thumbnailUrl\":\"https:\/\/laracchetta.eu\/racchetta\/wp-content\/uploads\/2019\/02\/WhatsApp-Image-2019-02-26-at-12.51.36.jpeg\",\"articleSection\":[\"Incendio\",\"Racchetta Centrale\"],\"inLanguage\":\"it-IT\",\"potentialAction\":[{\"@type\":\"CommentAction\",\"name\":\"Comment\",\"target\":[\"https:\/\/laracchetta.eu\/racchetta\/?p=966#respond\"]}]},{\"@type\":\"WebPage\",\"@id\":\"https:\/\/laracchetta.eu\/racchetta\/?p=966\",\"url\":\"https:\/\/laracchetta.eu\/racchetta\/?p=966\",\"name\":\"Aggiornamento Incendi Attivi Marted\u00ec 26 Febbraio 2019 - La Racchetta ODV\",\"isPartOf\":{\"@id\":\"https:\/\/laracchetta.eu\/racchetta\/#website\"},\"primaryImageOfPage\":{\"@id\":\"https:\/\/laracchetta.eu\/racchetta\/?p=966#primaryimage\"},\"image\":{\"@id\":\"https:\/\/laracchetta.eu\/racchetta\/?p=966#primaryimage\"},\"thumbnailUrl\":\"https:\/\/laracchetta.eu\/racchetta\/wp-content\/uploads\/2019\/02\/WhatsApp-Image-2019-02-26-at-12.51.36.jpeg\",\"datePublished\":\"2019-02-26T20:05:24+00:00\",\"dateModified\":\"2019-02-27T07:11:28+00:00\",\"breadcrumb\":{\"@id\":\"https:\/\/laracchetta.eu\/racchetta\/?p=966#breadcrumb\"},\"inLanguage\":\"it-IT\",\"potentialAction\":[{\"@type\":\"ReadAction\",\"target\":[\"https:\/\/laracchetta.eu\/racchetta\/?p=966\"]}]},{\"@type\":\"ImageObject\",\"inLanguage\":\"it-IT\",\"@id\":\"https:\/\/laracchetta.eu\/racchetta\/?p=966#primaryimage\",\"url\":\"https:\/\/laracchetta.eu\/racchetta\/wp-content\/uploads\/2019\/02\/WhatsApp-Image-2019-02-26-at-12.51.36.jpeg\",\"contentUrl\":\"https:\/\/laracchetta.eu\/racchetta\/wp-content\/uploads\/2019\/02\/WhatsApp-Image-2019-02-26-at-12.51.36.jpeg\",\"width\":1600,\"height\":412},{\"@type\":\"BreadcrumbList\",\"@id\":\"https:\/\/laracchetta.eu\/racchetta\/?p=966#breadcrumb\",\"itemListElement\":[{\"@type\":\"ListItem\",\"position\":1,\"name\":\"Home\",\"item\":\"https:\/\/laracchetta.eu\/racchetta\/\"},{\"@type\":\"ListItem\",\"position\":2,\"name\":\"Aggiornamento Incendi Attivi Marted\u00ec 26 Febbraio 2019\"}]},{\"@type\":\"WebSite\",\"@id\":\"https:\/\/laracchetta.eu\/racchetta\/#website\",\"url\":\"https:\/\/laracchetta.eu\/racchetta\/\",\"name\":\"La Racchetta ODV\",\"description\":\"Organizzazione di Volontariato - Antincendio Boschivo e Protezione Civile\",\"publisher\":{\"@id\":\"https:\/\/laracchetta.eu\/racchetta\/#organization\"},\"potentialAction\":[{\"@type\":\"SearchAction\",\"target\":{\"@type\":\"EntryPoint\",\"urlTemplate\":\"https:\/\/laracchetta.eu\/racchetta\/?s={search_term_string}\"},\"query-input\":{\"@type\":\"PropertyValueSpecification\",\"valueRequired\":true,\"valueName\":\"search_term_string\"}}],\"inLanguage\":\"it-IT\"},{\"@type\":\"Organization\",\"@id\":\"https:\/\/laracchetta.eu\/racchetta\/#organization\",\"name\":\"La Racchetta Odv\",\"url\":\"https:\/\/laracchetta.eu\/racchetta\/\",\"logo\":{\"@type\":\"ImageObject\",\"inLanguage\":\"it-IT\",\"@id\":\"https:\/\/laracchetta.eu\/racchetta\/#\/schema\/logo\/image\/\",\"url\":\"https:\/\/i0.wp.com\/laracchetta.eu\/racchetta\/wp-content\/uploads\/2017\/01\/logo-racchetta.png?fit=2237%2C2159&ssl=1\",\"contentUrl\":\"https:\/\/i0.wp.com\/laracchetta.eu\/racchetta\/wp-content\/uploads\/2017\/01\/logo-racchetta.png?fit=2237%2C2159&ssl=1\",\"width\":2237,\"height\":2159,\"caption\":\"La Racchetta Odv\"},\"image\":{\"@id\":\"https:\/\/laracchetta.eu\/racchetta\/#\/schema\/logo\/image\/\"},\"sameAs\":[\"https:\/\/www.facebook.com\/LaRacchettaODV\",\"https:\/\/www.instagram.com\/laracchettaodv\/\"]},{\"@type\":\"Person\",\"@id\":\"https:\/\/laracchetta.eu\/racchetta\/#\/schema\/person\/0afcba71d540560eec3f24de9152e06d\",\"name\":\"Niccolo_Gori\",\"image\":{\"@type\":\"ImageObject\",\"inLanguage\":\"it-IT\",\"@id\":\"https:\/\/laracchetta.eu\/racchetta\/#\/schema\/person\/image\/\",\"url\":\"https:\/\/secure.gravatar.com\/avatar\/52e1612cd6f6d2531b195755517139329fe0864e6748c7b5b2d846cbe836fcf5?s=96&d=mm&r=g\",\"contentUrl\":\"https:\/\/secure.gravatar.com\/avatar\/52e1612cd6f6d2531b195755517139329fe0864e6748c7b5b2d846cbe836fcf5?s=96&d=mm&r=g\",\"caption\":\"Niccolo_Gori\"},\"url\":\"https:\/\/laracchetta.eu\/racchetta\/?author=1\"}]}<\/script>\n<!-- \/ Yoast SEO plugin. -->","yoast_head_json":{"title":"Aggiornamento Incendi Attivi Marted\u00ec 26 Febbraio 2019 - La Racchetta ODV","robots":{"index":"index","follow":"follow","max-snippet":"max-snippet:-1","max-image-preview":"max-image-preview:large","max-video-preview":"max-video-preview:-1"},"canonical":"https:\/\/laracchetta.eu\/racchetta\/?p=966","og_locale":"it_IT","og_type":"article","og_title":"Aggiornamento Incendi Attivi Marted\u00ec 26 Febbraio 2019 - La Racchetta ODV","og_description":"FIRENZE &#8211; Migliorata la situazione dell&#8217;incendio nel Comune di Vicopisano, dove i Canadair nazionali impegnati e gli elicotteri&nbsp;regionali hanno fatto rientro e le&nbsp;persone evacuate sono potute rientrare nelle abitazioni che [&hellip;]","og_url":"https:\/\/laracchetta.eu\/racchetta\/?p=966","og_site_name":"La Racchetta ODV","article_publisher":"https:\/\/www.facebook.com\/LaRacchettaODV","article_published_time":"2019-02-26T20:05:24+00:00","article_modified_time":"2019-02-27T07:11:28+00:00","og_image":[{"width":1600,"height":412,"url":"https:\/\/laracchetta.eu\/racchetta\/wp-content\/uploads\/2019\/02\/WhatsApp-Image-2019-02-26-at-12.51.36.jpeg","type":"image\/jpeg"}],"author":"Niccolo_Gori","twitter_card":"summary_large_image","twitter_misc":{"Scritto da":"Niccolo_Gori","Tempo di lettura stimato":"1 minuto"},"schema":{"@context":"https:\/\/schema.org","@graph":[{"@type":"Article","@id":"https:\/\/laracchetta.eu\/racchetta\/?p=966#article","isPartOf":{"@id":"https:\/\/laracchetta.eu\/racchetta\/?p=966"},"author":{"name":"Niccolo_Gori","@id":"https:\/\/laracchetta.eu\/racchetta\/#\/schema\/person\/0afcba71d540560eec3f24de9152e06d"},"headline":"Aggiornamento Incendi Attivi Marted\u00ec 26 Febbraio 2019","datePublished":"2019-02-26T20:05:24+00:00","dateModified":"2019-02-27T07:11:28+00:00","mainEntityOfPage":{"@id":"https:\/\/laracchetta.eu\/racchetta\/?p=966"},"wordCount":266,"commentCount":0,"publisher":{"@id":"https:\/\/laracchetta.eu\/racchetta\/#organization"},"image":{"@id":"https:\/\/laracchetta.eu\/racchetta\/?p=966#primaryimage"},"thumbnailUrl":"https:\/\/laracchetta.eu\/racchetta\/wp-content\/uploads\/2019\/02\/WhatsApp-Image-2019-02-26-at-12.51.36.jpeg","articleSection":["Incendio","Racchetta Centrale"],"inLanguage":"it-IT","potentialAction":[{"@type":"CommentAction","name":"Comment","target":["https:\/\/laracchetta.eu\/racchetta\/?p=966#respond"]}]},{"@type":"WebPage","@id":"https:\/\/laracchetta.eu\/racchetta\/?p=966","url":"https:\/\/laracchetta.eu\/racchetta\/?p=966","name":"Aggiornamento Incendi Attivi Marted\u00ec 26 Febbraio 2019 - La Racchetta ODV","isPartOf":{"@id":"https:\/\/laracchetta.eu\/racchetta\/#website"},"primaryImageOfPage":{"@id":"https:\/\/laracchetta.eu\/racchetta\/?p=966#primaryimage"},"image":{"@id":"https:\/\/laracchetta.eu\/racchetta\/?p=966#primaryimage"},"thumbnailUrl":"https:\/\/laracchetta.eu\/racchetta\/wp-content\/uploads\/2019\/02\/WhatsApp-Image-2019-02-26-at-12.51.36.jpeg","datePublished":"2019-02-26T20:05:24+00:00","dateModified":"2019-02-27T07:11:28+00:00","breadcrumb":{"@id":"https:\/\/laracchetta.eu\/racchetta\/?p=966#breadcrumb"},"inLanguage":"it-IT","potentialAction":[{"@type":"ReadAction","target":["https:\/\/laracchetta.eu\/racchetta\/?p=966"]}]},{"@type":"ImageObject","inLanguage":"it-IT","@id":"https:\/\/laracchetta.eu\/racchetta\/?p=966#primaryimage","url":"https:\/\/laracchetta.eu\/racchetta\/wp-content\/uploads\/2019\/02\/WhatsApp-Image-2019-02-26-at-12.51.36.jpeg","contentUrl":"https:\/\/laracchetta.eu\/racchetta\/wp-content\/uploads\/2019\/02\/WhatsApp-Image-2019-02-26-at-12.51.36.jpeg","width":1600,"height":412},{"@type":"BreadcrumbList","@id":"https:\/\/laracchetta.eu\/racchetta\/?p=966#breadcrumb","itemListElement":[{"@type":"ListItem","position":1,"name":"Home","item":"https:\/\/laracchetta.eu\/racchetta\/"},{"@type":"ListItem","position":2,"name":"Aggiornamento Incendi Attivi Marted\u00ec 26 Febbraio 2019"}]},{"@type":"WebSite","@id":"https:\/\/laracchetta.eu\/racchetta\/#website","url":"https:\/\/laracchetta.eu\/racchetta\/","name":"La Racchetta ODV","description":"Organizzazione di Volontariato - Antincendio Boschivo e Protezione Civile","publisher":{"@id":"https:\/\/laracchetta.eu\/racchetta\/#organization"},"potentialAction":[{"@type":"SearchAction","target":{"@type":"EntryPoint","urlTemplate":"https:\/\/laracchetta.eu\/racchetta\/?s={search_term_string}"},"query-input":{"@type":"PropertyValueSpecification","valueRequired":true,"valueName":"search_term_string"}}],"inLanguage":"it-IT"},{"@type":"Organization","@id":"https:\/\/laracchetta.eu\/racchetta\/#organization","name":"La Racchetta Odv","url":"https:\/\/laracchetta.eu\/racchetta\/","logo":{"@type":"ImageObject","inLanguage":"it-IT","@id":"https:\/\/laracchetta.eu\/racchetta\/#\/schema\/logo\/image\/","url":"https:\/\/i0.wp.com\/laracchetta.eu\/racchetta\/wp-content\/uploads\/2017\/01\/logo-racchetta.png?fit=2237%2C2159&ssl=1","contentUrl":"https:\/\/i0.wp.com\/laracchetta.eu\/racchetta\/wp-content\/uploads\/2017\/01\/logo-racchetta.png?fit=2237%2C2159&ssl=1","width":2237,"height":2159,"caption":"La Racchetta Odv"},"image":{"@id":"https:\/\/laracchetta.eu\/racchetta\/#\/schema\/logo\/image\/"},"sameAs":["https:\/\/www.facebook.com\/LaRacchettaODV","https:\/\/www.instagram.com\/laracchettaodv\/"]},{"@type":"Person","@id":"https:\/\/laracchetta.eu\/racchetta\/#\/schema\/person\/0afcba71d540560eec3f24de9152e06d","name":"Niccolo_Gori","image":{"@type":"ImageObject","inLanguage":"it-IT","@id":"https:\/\/laracchetta.eu\/racchetta\/#\/schema\/person\/image\/","url":"https:\/\/secure.gravatar.com\/avatar\/52e1612cd6f6d2531b195755517139329fe0864e6748c7b5b2d846cbe836fcf5?s=96&d=mm&r=g","contentUrl":"https:\/\/secure.gravatar.com\/avatar\/52e1612cd6f6d2531b195755517139329fe0864e6748c7b5b2d846cbe836fcf5?s=96&d=mm&r=g","caption":"Niccolo_Gori"},"url":"https:\/\/laracchetta.eu\/racchetta\/?author=1"}]}},"jetpack_featured_media_url":"https:\/\/laracchetta.eu\/racchetta\/wp-content\/uploads\/2019\/02\/WhatsApp-Image-2019-02-26-at-12.51.36.jpeg","_links":{"self":[{"href":"https:\/\/laracchetta.eu\/racchetta\/index.php?rest_route=\/wp\/v2\/posts\/966","targetHints":{"allow":["GET"]}}],"collection":[{"href":"https:\/\/laracchetta.eu\/racchetta\/index.php?rest_route=\/wp\/v2\/posts"}],"about":[{"href":"https:\/\/laracchetta.eu\/racchetta\/index.php?rest_route=\/wp\/v2\/types\/post"}],"author":[{"embeddable":true,"href":"https:\/\/laracchetta.eu\/racchetta\/index.php?rest_route=\/wp\/v2\/users\/1"}],"replies":[{"embeddable":true,"href":"https:\/\/laracchetta.eu\/racchetta\/index.php?rest_route=%2Fwp%2Fv2%2Fcomments&post=966"}],"version-history":[{"count":2,"href":"https:\/\/laracchetta.eu\/racchetta\/index.php?rest_route=\/wp\/v2\/posts\/966\/revisions"}],"predecessor-version":[{"id":969,"href":"https:\/\/laracchetta.eu\/racchetta\/index.php?rest_route=\/wp\/v2\/posts\/966\/revisions\/969"}],"wp:featuredmedia":[{"embeddable":true,"href":"https:\/\/laracchetta.eu\/racchetta\/index.php?rest_route=\/wp\/v2\/media\/967"}],"wp:attachment":[{"href":"https:\/\/laracchetta.eu\/racchetta\/index.php?rest_route=%2Fwp%2Fv2%2Fmedia&parent=966"}],"wp:term":[{"taxonomy":"category","embeddable":true,"href":"https:\/\/laracchetta.eu\/racchetta\/index.php?rest_route=%2Fwp%2Fv2%2Fcategories&post=966"},{"taxonomy":"post_tag","embeddable":true,"href":"https:\/\/laracchetta.eu\/racchetta\/index.php?rest_route=%2Fwp%2Fv2%2Ftags&post=966"}],"curies":[{"name":"wp","href":"https:\/\/api.w.org\/{rel}","templated":true}]}}