{"id":962,"date":"2019-02-26T01:17:22","date_gmt":"2019-02-25T23:17:22","guid":{"rendered":"http:\/\/www.laracchetta.eu\/racchetta\/?p=962"},"modified":"2019-02-26T11:17:30","modified_gmt":"2019-02-26T09:17:30","slug":"incendio-vicopisano-febbraio-2019","status":"publish","type":"post","link":"https:\/\/laracchetta.eu\/racchetta\/?p=962","title":{"rendered":"Incendio Vicopisano Febbraio 2019"},"content":{"rendered":"<p><strong>Aggiornamento delle ore 8.20 del 26 febbraio<\/strong><\/p>\n<p>Incendio Scassi &#8211; Vicopisano (PI) &#8211; Alla ripresa delle operazioni la superficie boschiva percorsa dal fuoco \u00e8 misurabile in circa 300 ettari. Sono attivi due Canadair mentre un terzo arriver\u00e0 a breve ed \u00e8 attivo anche un elicottero della flotta regionale. L&#8217;area interessata \u00e8 stata suddivisa in quattro zone presidiate ognuna da un direttore di spegnimento, mentre sono decine le squadre impegnate costituite da operai forestali e volontari del Coordinamento volontariato toscano (CVT). Nel primo pomeriggio \u00e8 atteso un cambio del vento che dovrebbe favorire le operazioni di spegnimento.<\/p>\n<p>Incendio Soraggio &#8211; Sillano Giuncugnano (LU) &#8211; La coda dell&#8217;incendio nei pressi di Sillano \u00e8 l&#8217;area maggiormente tenuta sotto controllo con azioni di controfuoco per evitare che possa interessare il centro abitato. Le fiamme al momento coinvolgono 100 ettari di bosco e fino a stamani sono state impiegate circa 25 squadre costituite da operai forestali e volontari del Coordinamento volontariato toscano (CVT). Sono attivi due Canadair e un elicottero regionale.<\/p>\n<p>Incendio Penna di Lucchio &#8211; Bagni di Lucca (LU) &#8211; La superficie interessata dall&#8217;incendio scoppiato domenica scorsa \u00e8 di circa tre ettari. In mattinata un elicottero della flotta regionale supporter\u00e0 nelle operazioni le squadre a terra.<\/p>\n<p>Incendio Pozzo &#8211; Santa Maria al Monte (PI) &#8211; Nella serata di ieri, verso le 20, si \u00e8 sviluppato un incendio che ha interessato un ettaro di superficie boscata. Sono intervenuti una ventina di operatori che hanno subito domato le fiamme e concluso le operazioni di bonifica dell&#8217;area. Attualmente la zona \u00e8 presidiata da un&#8217;unica squadra del CVT.<\/p>\n<p>Incendio Stiappa &#8211; Pescia (PT) &#8211; Alle due della notte hanno preso fuoco due ettari bosco. Lo spegnimento \u00e8 terminato nonostante le difficolt\u00e0 di operare nella zona scarsamente accessibile e alle sei del mattino le squadre dell&#8217;organizzazione antincendio hanno messo in sicurezza l&#8217;area e iniziato la bonifica.<\/p>\n<p><strong>Aggiornamento delle ore 16.40<\/strong><\/p>\n<p>Incendio Scassi &#8211; Vicopisano (PI) &#8211; Nello spegnimento dei 150 ettari di pineta sono attive 22 squadre tra operai forestali e volontari del Coordinamento volontariato toscano (CVT), un elicottero della flotta regionale e tre Canadair della Protezione civile nazionale. Le 10 case evacuate stamattina in localit\u00e0 Coli in via precauzionale sono ora sotto la minaccia delle fiamme a&nbsp;causa del peggioramento della situazione dovuta al rinforzo del vento. In localit\u00e0 Piticco e Il Capitano \u00e8 in corso un&#8217;altra evacuazione di nuclei <img loading=\"lazy\" decoding=\"async\" class=\"size-medium wp-image-963 alignright\" src=\"http:\/\/www.laracchetta.eu\/racchetta\/wp-content\/uploads\/2019\/02\/LogoLicious_20190226_001507-300x169.jpg\" alt=\"\" width=\"300\" height=\"169\" srcset=\"https:\/\/laracchetta.eu\/racchetta\/wp-content\/uploads\/2019\/02\/LogoLicious_20190226_001507-300x169.jpg 300w, https:\/\/laracchetta.eu\/racchetta\/wp-content\/uploads\/2019\/02\/LogoLicious_20190226_001507-768x432.jpg 768w, https:\/\/laracchetta.eu\/racchetta\/wp-content\/uploads\/2019\/02\/LogoLicious_20190226_001507-1024x576.jpg 1024w, https:\/\/laracchetta.eu\/racchetta\/wp-content\/uploads\/2019\/02\/LogoLicious_20190226_001507-750x422.jpg 750w, https:\/\/laracchetta.eu\/racchetta\/wp-content\/uploads\/2019\/02\/LogoLicious_20190226_001507-400x225.jpg 400w, https:\/\/laracchetta.eu\/racchetta\/wp-content\/uploads\/2019\/02\/LogoLicious_20190226_001507-430x242.jpg 430w, https:\/\/laracchetta.eu\/racchetta\/wp-content\/uploads\/2019\/02\/LogoLicious_20190226_001507-150x84.jpg 150w, https:\/\/laracchetta.eu\/racchetta\/wp-content\/uploads\/2019\/02\/LogoLicious_20190226_001507-100x56.jpg 100w, https:\/\/laracchetta.eu\/racchetta\/wp-content\/uploads\/2019\/02\/LogoLicious_20190226_001507.jpg 1600w\" sizes=\"auto, (max-width: 300px) 100vw, 300px\" \/>abitativi.<\/p>\n<p>Incendio Soraggio &#8211; Sillano Giuncugnano (LU) &#8211; Nello spegnimento dei 100 ettari di pineta sono attive 5 squadre tra operai forestali e volontari del Coordinamento volontariato toscano (CVT), due elicotteri della flotta regionale e un Canadair della Protezione civile nazionale. La Sala operativa ha chiesto l&#8217;attivazione dei Vigili del Fuoco a presidio delle case minacciate in localit\u00e0 Villa Soraggio.<\/p>\n<p>Su tutti gli incendi attivi la Sala operativa regionale sta organizzando altre squadre provenienti da tutto il territorio regionale per sostituire le attuali nelle prossime ore e presidiare la notte e la mattina di domani.<\/p>\n<p>Si ricorda&nbsp; che in caso di vento \u00e8 assolutamente vietato l&#8217;abbruciamento di residui forestali.<\/p>\n<p><strong>Aggiornamento delle ore 15.00<\/strong><\/p>\n<p>La Soup ha comunicato la stima delle superfici bruciate, che \u00e8 di 150 ettari per Vicopisano (Pi) e di 100 ettari per Sillano Giuncugnano (Lu).&nbsp; Entrambi gli incendi sono ancora attivi. Su Vicopisano stanno tuttora operando 3 Canadair. La&nbsp; Sala operativa sta cercando di averne altri tre anche su Sillano. Per San Miniato la stima \u00e8, al momento, di due ettari di superficie percorsa dal fuoco.<\/p>\n<p><strong>Aggiornamento delle ore 13.30<\/strong><\/p>\n<p>Altri due incendi sono scoppiati nel frattempo:<br \/>\n&#8211; localit\u00e0 Le Casine, Comune di San Miniato;<br \/>\n&#8211; localit\u00e0 Case Sant&#8217;Andrea, Comune di Palaia<\/p>\n<p>Sono intanto stati aperti due Centri Operativi Comunali (C.O.C.).<br \/>\n&#8211; Comune di Vicopisano 050796551;<br \/>\n&#8211; Comune di&nbsp; Palaia 3485663716 (cellulare sindaco)<\/p>\n<p><strong>Aggiornamento delle ore 11.50<\/strong><\/p>\n<p>Il sindaco di Vicopisano Juri Taglioli ha disposto per precauzione l&#8217;evacuazione di una decina di famiglie in localit\u00e0 Coli. Gi\u00e0 operativi sul posto 3 Canadair.<\/p>\n<p>Sull&#8217;incendio in Alta Garfagnana sono operativi un elicottero della flotta regionale e un Canadair, a sostegno delle squadre a terra.<\/p>\n<p><strong>Aggiornamento delle ore 11.30&nbsp;<\/strong><\/p>\n<p>Due Canadair sono stati dirottati dalla Garfagnana a Vicopisano, dove l&#8217;incendio si \u00e8 sviluppato su due fronti distinti e dove \u00e8 in arrivo un altro mezzo nazionale.<\/p>\n<p><strong>Il comunicato stampa delle ore 10.54<\/strong><\/p>\n<p>FIRENZE \u2013 Cinque roghi attivi nel nord della Toscana e ancora tanto lavoro per il servizio regionale antincendi boschivi. Attualmente i roghi pi\u00f9 importanti stanno interessando la localit\u00e0 Soraggio, nel Comune di Sillano Giuncugnano (Lu), in alta Garfagnana e la localit\u00e0 Scassi, nel Comune di Vicopisano (Pi). Nel primo caso le fiamme hanno per ora bruciato 20 ettari di bosco e stanno impegnando 2 elicotteri regionali e 3 Canadair (2 gi\u00e0 al lavoro e 1 in arrivo). A terra, sebbene la zona sia molto impervia, ci sono circa una ventina di persone (enti competenti e volontariato). Nel secondo si tratta di un incendio appena partito e per il quale \u00e8 gi\u00e0 stato richiesto l&#8217;intervento di un Canadair.<\/p>\n<p>L&#8217;incendio che gi\u00e0 da sabato scorso sta interessando, nel Comune di Stazzema (Lu), le localit\u00e0 di Acri e Serra dell&#8217; Aietta, \u00e8 ancora attivo. La superficie percorsa dalle fiamme \u00e8 salita a circa 140 ettari: 120 di prato-pascolo e 20 di bosco. Anche un altro rogo, avviato ieri, \u00e8 ancora attivo, in localit\u00e0 localit\u00e0 Selverella, nel Comune di Castelnuovo Garfagnana, dove la superficie di bosco d&#8217;alto fusto percorsa dalle fiamme \u00e8 salita a circa 30 ettari.<\/p>\n<p>Un altro incendio \u00e8 divampato stamattina in localit\u00e0 Penna di Lucchio, nel Comune di Bagni di Lucca (Lu): finora sono circa 4 gli ettari di bosco bruciati. In bonifica invece l&#8217;incendio che ha interessato la localit\u00e0 Prati di Logarghena, nel Comune di Filattiera, dove \u00e8 bruciato circa un ettaro di bosco di alto fusto.<\/p>\n<p>La Sala operativa unificata permanente ricorda che, come previsto dal regolamento forestale, in caso di vento \u00e8 assolutamente vietato l&#8217;abbruciamento di residui forestali.<\/p>\n<pre>Fonte: http:\/\/www.toscana-notizie.it\/-\/diretta-incendi-in-garfagnana-e-sui-monti-pisani<\/pre>\n","protected":false},"excerpt":{"rendered":"<p>Aggiornamento delle ore 8.20 del 26 febbraio Incendio Scassi &#8211; Vicopisano (PI) &#8211; Alla ripresa delle operazioni la superficie boschiva percorsa dal fuoco \u00e8 misurabile in circa 300 ettari. Sono [&hellip;]<\/p>\n","protected":false},"author":1,"featured_media":963,"comment_status":"open","ping_status":"open","sticky":false,"template":"","format":"standard","meta":{"footnotes":""},"categories":[12,3],"tags":[],"class_list":["post-962","post","type-post","status-publish","format-standard","has-post-thumbnail","hentry","category-incendio","category-racchetta-centrale"],"yoast_head":"<!-- This site is optimized with the Yoast SEO plugin v25.0 - https:\/\/yoast.com\/wordpress\/plugins\/seo\/ -->\n<title>Incendio Vicopisano Febbraio 2019 - La Racchetta ODV<\/title>\n<meta name=\"robots\" content=\"index, follow, max-snippet:-1, max-image-preview:large, max-video-preview:-1\" \/>\n<link rel=\"canonical\" href=\"https:\/\/laracchetta.eu\/racchetta\/?p=962\" \/>\n<meta property=\"og:locale\" content=\"it_IT\" \/>\n<meta property=\"og:type\" content=\"article\" \/>\n<meta property=\"og:title\" content=\"Incendio Vicopisano Febbraio 2019 - La Racchetta ODV\" \/>\n<meta property=\"og:description\" content=\"Aggiornamento delle ore 8.20 del 26 febbraio Incendio Scassi &#8211; Vicopisano (PI) &#8211; Alla ripresa delle operazioni la superficie boschiva percorsa dal fuoco \u00e8 misurabile in circa 300 ettari. Sono [&hellip;]\" \/>\n<meta property=\"og:url\" content=\"https:\/\/laracchetta.eu\/racchetta\/?p=962\" \/>\n<meta property=\"og:site_name\" content=\"La Racchetta ODV\" \/>\n<meta property=\"article:publisher\" content=\"https:\/\/www.facebook.com\/LaRacchettaODV\" \/>\n<meta property=\"article:published_time\" content=\"2019-02-25T23:17:22+00:00\" \/>\n<meta property=\"article:modified_time\" content=\"2019-02-26T09:17:30+00:00\" \/>\n<meta property=\"og:image\" content=\"https:\/\/laracchetta.eu\/racchetta\/wp-content\/uploads\/2019\/02\/LogoLicious_20190226_001507.jpg\" \/>\n\t<meta property=\"og:image:width\" content=\"1600\" \/>\n\t<meta property=\"og:image:height\" content=\"900\" \/>\n\t<meta property=\"og:image:type\" content=\"image\/jpeg\" \/>\n<meta name=\"author\" content=\"Niccolo_Gori\" \/>\n<meta name=\"twitter:card\" content=\"summary_large_image\" \/>\n<meta name=\"twitter:label1\" content=\"Scritto da\" \/>\n\t<meta name=\"twitter:data1\" content=\"Niccolo_Gori\" \/>\n\t<meta name=\"twitter:label2\" content=\"Tempo di lettura stimato\" \/>\n\t<meta name=\"twitter:data2\" content=\"5 minuti\" \/>\n<script type=\"application\/ld+json\" class=\"yoast-schema-graph\">{\"@context\":\"https:\/\/schema.org\",\"@graph\":[{\"@type\":\"Article\",\"@id\":\"https:\/\/laracchetta.eu\/racchetta\/?p=962#article\",\"isPartOf\":{\"@id\":\"https:\/\/laracchetta.eu\/racchetta\/?p=962\"},\"author\":{\"name\":\"Niccolo_Gori\",\"@id\":\"https:\/\/laracchetta.eu\/racchetta\/#\/schema\/person\/0afcba71d540560eec3f24de9152e06d\"},\"headline\":\"Incendio Vicopisano Febbraio 2019\",\"datePublished\":\"2019-02-25T23:17:22+00:00\",\"dateModified\":\"2019-02-26T09:17:30+00:00\",\"mainEntityOfPage\":{\"@id\":\"https:\/\/laracchetta.eu\/racchetta\/?p=962\"},\"wordCount\":948,\"commentCount\":0,\"publisher\":{\"@id\":\"https:\/\/laracchetta.eu\/racchetta\/#organization\"},\"image\":{\"@id\":\"https:\/\/laracchetta.eu\/racchetta\/?p=962#primaryimage\"},\"thumbnailUrl\":\"https:\/\/laracchetta.eu\/racchetta\/wp-content\/uploads\/2019\/02\/LogoLicious_20190226_001507.jpg\",\"articleSection\":[\"Incendio\",\"Racchetta Centrale\"],\"inLanguage\":\"it-IT\",\"potentialAction\":[{\"@type\":\"CommentAction\",\"name\":\"Comment\",\"target\":[\"https:\/\/laracchetta.eu\/racchetta\/?p=962#respond\"]}]},{\"@type\":\"WebPage\",\"@id\":\"https:\/\/laracchetta.eu\/racchetta\/?p=962\",\"url\":\"https:\/\/laracchetta.eu\/racchetta\/?p=962\",\"name\":\"Incendio Vicopisano Febbraio 2019 - La Racchetta ODV\",\"isPartOf\":{\"@id\":\"https:\/\/laracchetta.eu\/racchetta\/#website\"},\"primaryImageOfPage\":{\"@id\":\"https:\/\/laracchetta.eu\/racchetta\/?p=962#primaryimage\"},\"image\":{\"@id\":\"https:\/\/laracchetta.eu\/racchetta\/?p=962#primaryimage\"},\"thumbnailUrl\":\"https:\/\/laracchetta.eu\/racchetta\/wp-content\/uploads\/2019\/02\/LogoLicious_20190226_001507.jpg\",\"datePublished\":\"2019-02-25T23:17:22+00:00\",\"dateModified\":\"2019-02-26T09:17:30+00:00\",\"breadcrumb\":{\"@id\":\"https:\/\/laracchetta.eu\/racchetta\/?p=962#breadcrumb\"},\"inLanguage\":\"it-IT\",\"potentialAction\":[{\"@type\":\"ReadAction\",\"target\":[\"https:\/\/laracchetta.eu\/racchetta\/?p=962\"]}]},{\"@type\":\"ImageObject\",\"inLanguage\":\"it-IT\",\"@id\":\"https:\/\/laracchetta.eu\/racchetta\/?p=962#primaryimage\",\"url\":\"https:\/\/laracchetta.eu\/racchetta\/wp-content\/uploads\/2019\/02\/LogoLicious_20190226_001507.jpg\",\"contentUrl\":\"https:\/\/laracchetta.eu\/racchetta\/wp-content\/uploads\/2019\/02\/LogoLicious_20190226_001507.jpg\",\"width\":1600,\"height\":900},{\"@type\":\"BreadcrumbList\",\"@id\":\"https:\/\/laracchetta.eu\/racchetta\/?p=962#breadcrumb\",\"itemListElement\":[{\"@type\":\"ListItem\",\"position\":1,\"name\":\"Home\",\"item\":\"https:\/\/laracchetta.eu\/racchetta\/\"},{\"@type\":\"ListItem\",\"position\":2,\"name\":\"Incendio Vicopisano Febbraio 2019\"}]},{\"@type\":\"WebSite\",\"@id\":\"https:\/\/laracchetta.eu\/racchetta\/#website\",\"url\":\"https:\/\/laracchetta.eu\/racchetta\/\",\"name\":\"La Racchetta ODV\",\"description\":\"Organizzazione di Volontariato - Antincendio Boschivo e Protezione Civile\",\"publisher\":{\"@id\":\"https:\/\/laracchetta.eu\/racchetta\/#organization\"},\"potentialAction\":[{\"@type\":\"SearchAction\",\"target\":{\"@type\":\"EntryPoint\",\"urlTemplate\":\"https:\/\/laracchetta.eu\/racchetta\/?s={search_term_string}\"},\"query-input\":{\"@type\":\"PropertyValueSpecification\",\"valueRequired\":true,\"valueName\":\"search_term_string\"}}],\"inLanguage\":\"it-IT\"},{\"@type\":\"Organization\",\"@id\":\"https:\/\/laracchetta.eu\/racchetta\/#organization\",\"name\":\"La Racchetta Odv\",\"url\":\"https:\/\/laracchetta.eu\/racchetta\/\",\"logo\":{\"@type\":\"ImageObject\",\"inLanguage\":\"it-IT\",\"@id\":\"https:\/\/laracchetta.eu\/racchetta\/#\/schema\/logo\/image\/\",\"url\":\"https:\/\/i0.wp.com\/laracchetta.eu\/racchetta\/wp-content\/uploads\/2017\/01\/logo-racchetta.png?fit=2237%2C2159&ssl=1\",\"contentUrl\":\"https:\/\/i0.wp.com\/laracchetta.eu\/racchetta\/wp-content\/uploads\/2017\/01\/logo-racchetta.png?fit=2237%2C2159&ssl=1\",\"width\":2237,\"height\":2159,\"caption\":\"La Racchetta Odv\"},\"image\":{\"@id\":\"https:\/\/laracchetta.eu\/racchetta\/#\/schema\/logo\/image\/\"},\"sameAs\":[\"https:\/\/www.facebook.com\/LaRacchettaODV\",\"https:\/\/www.instagram.com\/laracchettaodv\/\"]},{\"@type\":\"Person\",\"@id\":\"https:\/\/laracchetta.eu\/racchetta\/#\/schema\/person\/0afcba71d540560eec3f24de9152e06d\",\"name\":\"Niccolo_Gori\",\"image\":{\"@type\":\"ImageObject\",\"inLanguage\":\"it-IT\",\"@id\":\"https:\/\/laracchetta.eu\/racchetta\/#\/schema\/person\/image\/\",\"url\":\"https:\/\/secure.gravatar.com\/avatar\/52e1612cd6f6d2531b195755517139329fe0864e6748c7b5b2d846cbe836fcf5?s=96&d=mm&r=g\",\"contentUrl\":\"https:\/\/secure.gravatar.com\/avatar\/52e1612cd6f6d2531b195755517139329fe0864e6748c7b5b2d846cbe836fcf5?s=96&d=mm&r=g\",\"caption\":\"Niccolo_Gori\"},\"url\":\"https:\/\/laracchetta.eu\/racchetta\/?author=1\"}]}<\/script>\n<!-- \/ Yoast SEO plugin. -->","yoast_head_json":{"title":"Incendio Vicopisano Febbraio 2019 - La Racchetta ODV","robots":{"index":"index","follow":"follow","max-snippet":"max-snippet:-1","max-image-preview":"max-image-preview:large","max-video-preview":"max-video-preview:-1"},"canonical":"https:\/\/laracchetta.eu\/racchetta\/?p=962","og_locale":"it_IT","og_type":"article","og_title":"Incendio Vicopisano Febbraio 2019 - La Racchetta ODV","og_description":"Aggiornamento delle ore 8.20 del 26 febbraio Incendio Scassi &#8211; Vicopisano (PI) &#8211; Alla ripresa delle operazioni la superficie boschiva percorsa dal fuoco \u00e8 misurabile in circa 300 ettari. Sono [&hellip;]","og_url":"https:\/\/laracchetta.eu\/racchetta\/?p=962","og_site_name":"La Racchetta ODV","article_publisher":"https:\/\/www.facebook.com\/LaRacchettaODV","article_published_time":"2019-02-25T23:17:22+00:00","article_modified_time":"2019-02-26T09:17:30+00:00","og_image":[{"width":1600,"height":900,"url":"https:\/\/laracchetta.eu\/racchetta\/wp-content\/uploads\/2019\/02\/LogoLicious_20190226_001507.jpg","type":"image\/jpeg"}],"author":"Niccolo_Gori","twitter_card":"summary_large_image","twitter_misc":{"Scritto da":"Niccolo_Gori","Tempo di lettura stimato":"5 minuti"},"schema":{"@context":"https:\/\/schema.org","@graph":[{"@type":"Article","@id":"https:\/\/laracchetta.eu\/racchetta\/?p=962#article","isPartOf":{"@id":"https:\/\/laracchetta.eu\/racchetta\/?p=962"},"author":{"name":"Niccolo_Gori","@id":"https:\/\/laracchetta.eu\/racchetta\/#\/schema\/person\/0afcba71d540560eec3f24de9152e06d"},"headline":"Incendio Vicopisano Febbraio 2019","datePublished":"2019-02-25T23:17:22+00:00","dateModified":"2019-02-26T09:17:30+00:00","mainEntityOfPage":{"@id":"https:\/\/laracchetta.eu\/racchetta\/?p=962"},"wordCount":948,"commentCount":0,"publisher":{"@id":"https:\/\/laracchetta.eu\/racchetta\/#organization"},"image":{"@id":"https:\/\/laracchetta.eu\/racchetta\/?p=962#primaryimage"},"thumbnailUrl":"https:\/\/laracchetta.eu\/racchetta\/wp-content\/uploads\/2019\/02\/LogoLicious_20190226_001507.jpg","articleSection":["Incendio","Racchetta Centrale"],"inLanguage":"it-IT","potentialAction":[{"@type":"CommentAction","name":"Comment","target":["https:\/\/laracchetta.eu\/racchetta\/?p=962#respond"]}]},{"@type":"WebPage","@id":"https:\/\/laracchetta.eu\/racchetta\/?p=962","url":"https:\/\/laracchetta.eu\/racchetta\/?p=962","name":"Incendio Vicopisano Febbraio 2019 - La Racchetta ODV","isPartOf":{"@id":"https:\/\/laracchetta.eu\/racchetta\/#website"},"primaryImageOfPage":{"@id":"https:\/\/laracchetta.eu\/racchetta\/?p=962#primaryimage"},"image":{"@id":"https:\/\/laracchetta.eu\/racchetta\/?p=962#primaryimage"},"thumbnailUrl":"https:\/\/laracchetta.eu\/racchetta\/wp-content\/uploads\/2019\/02\/LogoLicious_20190226_001507.jpg","datePublished":"2019-02-25T23:17:22+00:00","dateModified":"2019-02-26T09:17:30+00:00","breadcrumb":{"@id":"https:\/\/laracchetta.eu\/racchetta\/?p=962#breadcrumb"},"inLanguage":"it-IT","potentialAction":[{"@type":"ReadAction","target":["https:\/\/laracchetta.eu\/racchetta\/?p=962"]}]},{"@type":"ImageObject","inLanguage":"it-IT","@id":"https:\/\/laracchetta.eu\/racchetta\/?p=962#primaryimage","url":"https:\/\/laracchetta.eu\/racchetta\/wp-content\/uploads\/2019\/02\/LogoLicious_20190226_001507.jpg","contentUrl":"https:\/\/laracchetta.eu\/racchetta\/wp-content\/uploads\/2019\/02\/LogoLicious_20190226_001507.jpg","width":1600,"height":900},{"@type":"BreadcrumbList","@id":"https:\/\/laracchetta.eu\/racchetta\/?p=962#breadcrumb","itemListElement":[{"@type":"ListItem","position":1,"name":"Home","item":"https:\/\/laracchetta.eu\/racchetta\/"},{"@type":"ListItem","position":2,"name":"Incendio Vicopisano Febbraio 2019"}]},{"@type":"WebSite","@id":"https:\/\/laracchetta.eu\/racchetta\/#website","url":"https:\/\/laracchetta.eu\/racchetta\/","name":"La Racchetta ODV","description":"Organizzazione di Volontariato - Antincendio Boschivo e Protezione Civile","publisher":{"@id":"https:\/\/laracchetta.eu\/racchetta\/#organization"},"potentialAction":[{"@type":"SearchAction","target":{"@type":"EntryPoint","urlTemplate":"https:\/\/laracchetta.eu\/racchetta\/?s={search_term_string}"},"query-input":{"@type":"PropertyValueSpecification","valueRequired":true,"valueName":"search_term_string"}}],"inLanguage":"it-IT"},{"@type":"Organization","@id":"https:\/\/laracchetta.eu\/racchetta\/#organization","name":"La Racchetta Odv","url":"https:\/\/laracchetta.eu\/racchetta\/","logo":{"@type":"ImageObject","inLanguage":"it-IT","@id":"https:\/\/laracchetta.eu\/racchetta\/#\/schema\/logo\/image\/","url":"https:\/\/i0.wp.com\/laracchetta.eu\/racchetta\/wp-content\/uploads\/2017\/01\/logo-racchetta.png?fit=2237%2C2159&ssl=1","contentUrl":"https:\/\/i0.wp.com\/laracchetta.eu\/racchetta\/wp-content\/uploads\/2017\/01\/logo-racchetta.png?fit=2237%2C2159&ssl=1","width":2237,"height":2159,"caption":"La Racchetta Odv"},"image":{"@id":"https:\/\/laracchetta.eu\/racchetta\/#\/schema\/logo\/image\/"},"sameAs":["https:\/\/www.facebook.com\/LaRacchettaODV","https:\/\/www.instagram.com\/laracchettaodv\/"]},{"@type":"Person","@id":"https:\/\/laracchetta.eu\/racchetta\/#\/schema\/person\/0afcba71d540560eec3f24de9152e06d","name":"Niccolo_Gori","image":{"@type":"ImageObject","inLanguage":"it-IT","@id":"https:\/\/laracchetta.eu\/racchetta\/#\/schema\/person\/image\/","url":"https:\/\/secure.gravatar.com\/avatar\/52e1612cd6f6d2531b195755517139329fe0864e6748c7b5b2d846cbe836fcf5?s=96&d=mm&r=g","contentUrl":"https:\/\/secure.gravatar.com\/avatar\/52e1612cd6f6d2531b195755517139329fe0864e6748c7b5b2d846cbe836fcf5?s=96&d=mm&r=g","caption":"Niccolo_Gori"},"url":"https:\/\/laracchetta.eu\/racchetta\/?author=1"}]}},"jetpack_featured_media_url":"https:\/\/laracchetta.eu\/racchetta\/wp-content\/uploads\/2019\/02\/LogoLicious_20190226_001507.jpg","_links":{"self":[{"href":"https:\/\/laracchetta.eu\/racchetta\/index.php?rest_route=\/wp\/v2\/posts\/962","targetHints":{"allow":["GET"]}}],"collection":[{"href":"https:\/\/laracchetta.eu\/racchetta\/index.php?rest_route=\/wp\/v2\/posts"}],"about":[{"href":"https:\/\/laracchetta.eu\/racchetta\/index.php?rest_route=\/wp\/v2\/types\/post"}],"author":[{"embeddable":true,"href":"https:\/\/laracchetta.eu\/racchetta\/index.php?rest_route=\/wp\/v2\/users\/1"}],"replies":[{"embeddable":true,"href":"https:\/\/laracchetta.eu\/racchetta\/index.php?rest_route=%2Fwp%2Fv2%2Fcomments&post=962"}],"version-history":[{"count":2,"href":"https:\/\/laracchetta.eu\/racchetta\/index.php?rest_route=\/wp\/v2\/posts\/962\/revisions"}],"predecessor-version":[{"id":965,"href":"https:\/\/laracchetta.eu\/racchetta\/index.php?rest_route=\/wp\/v2\/posts\/962\/revisions\/965"}],"wp:featuredmedia":[{"embeddable":true,"href":"https:\/\/laracchetta.eu\/racchetta\/index.php?rest_route=\/wp\/v2\/media\/963"}],"wp:attachment":[{"href":"https:\/\/laracchetta.eu\/racchetta\/index.php?rest_route=%2Fwp%2Fv2%2Fmedia&parent=962"}],"wp:term":[{"taxonomy":"category","embeddable":true,"href":"https:\/\/laracchetta.eu\/racchetta\/index.php?rest_route=%2Fwp%2Fv2%2Fcategories&post=962"},{"taxonomy":"post_tag","embeddable":true,"href":"https:\/\/laracchetta.eu\/racchetta\/index.php?rest_route=%2Fwp%2Fv2%2Ftags&post=962"}],"curies":[{"name":"wp","href":"https:\/\/api.w.org\/{rel}","templated":true}]}}