{"id":948,"date":"2018-11-05T17:17:35","date_gmt":"2018-11-05T15:17:35","guid":{"rendered":"http:\/\/www.laracchetta.eu\/racchetta\/?p=948"},"modified":"2018-11-05T17:25:39","modified_gmt":"2018-11-05T15:25:39","slug":"948","status":"publish","type":"post","link":"https:\/\/laracchetta.eu\/racchetta\/?p=948","title":{"rendered":"Emergenza in Veneto. La Racchetta non parte"},"content":{"rendered":"<h4>Dal 1972, La Racchetta si mette in moto per aiutare il prossimo. In tutti questi anni, centinaia di volontari sono intervenuti negli eventi disastrosi che hanno coinvolto l&#8217;Italia. Nell&#8217;ultimo evento, allora, come mai non siamo potuti intervenire?<\/h4>\n<p>La scorsa settimana, il Veneto \u00e8 stato colpito da un violento nubifragio che ha distrutto interi paesi, mettendo in ginocchio i suoi abitanti. Una colonna mobile della Regione Toscana \u00e8 partita per prestare soccorso con i volontari di protezione civile di varie associazioni. Ma sappiamo bene che in Toscana sono presenti varie associazioni di protezione civile tra cui anche La Racchetta, che non \u00e8 stata fatta partire. Come mai? Forse perch\u00e9 siamo troppo concreti e di poca immagine? Al momento non ce lo sappiamo spiegare. &#8220;Eccoci qua, all&#8217;ennesima prova di un sistema che vuole essere cieco di fronte alla realt\u00e0&#8221; commenta il nostro Presidente Leonardo Tomassoli. &#8220;Un sistema in cui esistono associazioni di protezione civile di serie B&#8221;. Siamo considerati davvero volontari di serie B? &#8220;La scusa del -non siete abbastanza attrezzati- non regge pi\u00f9&#8221; continua &#8220;spero che questo sia uno spunto per tutti per riflettere, perch\u00e9 qualsiasi volontario \u00e8 utile indipendentemente dalla divisa che veste, perch\u00e9 il volontariato non \u00e8 politica di partito, ma un bene comune&#8221;.<\/p>\n<p><img loading=\"lazy\" decoding=\"async\" class=\"alignnone size-medium wp-image-280\" src=\"http:\/\/www.laracchetta.eu\/racchetta\/wp-content\/uploads\/2017\/01\/IMG-20170121-WA0029-300x169.jpg\" alt=\"\" width=\"300\" height=\"169\" srcset=\"https:\/\/laracchetta.eu\/racchetta\/wp-content\/uploads\/2017\/01\/IMG-20170121-WA0029-300x169.jpg 300w, https:\/\/laracchetta.eu\/racchetta\/wp-content\/uploads\/2017\/01\/IMG-20170121-WA0029-768x432.jpg 768w, https:\/\/laracchetta.eu\/racchetta\/wp-content\/uploads\/2017\/01\/IMG-20170121-WA0029-1024x576.jpg 1024w, https:\/\/laracchetta.eu\/racchetta\/wp-content\/uploads\/2017\/01\/IMG-20170121-WA0029-750x422.jpg 750w, https:\/\/laracchetta.eu\/racchetta\/wp-content\/uploads\/2017\/01\/IMG-20170121-WA0029-400x225.jpg 400w, https:\/\/laracchetta.eu\/racchetta\/wp-content\/uploads\/2017\/01\/IMG-20170121-WA0029-430x242.jpg 430w, https:\/\/laracchetta.eu\/racchetta\/wp-content\/uploads\/2017\/01\/IMG-20170121-WA0029-150x84.jpg 150w, https:\/\/laracchetta.eu\/racchetta\/wp-content\/uploads\/2017\/01\/IMG-20170121-WA0029-100x56.jpg 100w, https:\/\/laracchetta.eu\/racchetta\/wp-content\/uploads\/2017\/01\/IMG-20170121-WA0029.jpg 1600w\" sizes=\"auto, (max-width: 300px) 100vw, 300px\" \/><\/p>\n","protected":false},"excerpt":{"rendered":"<p>Dal 1972, La Racchetta si mette in moto per aiutare il prossimo. In tutti questi anni, centinaia di volontari sono intervenuti negli eventi disastrosi che hanno coinvolto l&#8217;Italia. Nell&#8217;ultimo evento, [&hellip;]<\/p>\n","protected":false},"author":1,"featured_media":280,"comment_status":"open","ping_status":"open","sticky":false,"template":"","format":"standard","meta":{"footnotes":""},"categories":[14,3],"tags":[19,16,21,17,20,18],"class_list":["post-948","post","type-post","status-publish","format-standard","has-post-thumbnail","hentry","category-protezione-civile","category-racchetta-centrale","tag-colonna-mobile","tag-laracchettaonlu","tag-prontiapartire","tag-protciv","tag-regione-toscana","tag-veneto"],"yoast_head":"<!-- This site is optimized with the Yoast SEO plugin v25.0 - https:\/\/yoast.com\/wordpress\/plugins\/seo\/ -->\n<title>Emergenza in Veneto. La Racchetta non parte - La Racchetta ODV<\/title>\n<meta name=\"robots\" content=\"index, follow, max-snippet:-1, max-image-preview:large, max-video-preview:-1\" \/>\n<link rel=\"canonical\" href=\"https:\/\/laracchetta.eu\/racchetta\/?p=948\" \/>\n<meta property=\"og:locale\" content=\"it_IT\" \/>\n<meta property=\"og:type\" content=\"article\" \/>\n<meta property=\"og:title\" content=\"Emergenza in Veneto. La Racchetta non parte - La Racchetta ODV\" \/>\n<meta property=\"og:description\" content=\"Dal 1972, La Racchetta si mette in moto per aiutare il prossimo. In tutti questi anni, centinaia di volontari sono intervenuti negli eventi disastrosi che hanno coinvolto l&#8217;Italia. Nell&#8217;ultimo evento, [&hellip;]\" \/>\n<meta property=\"og:url\" content=\"https:\/\/laracchetta.eu\/racchetta\/?p=948\" \/>\n<meta property=\"og:site_name\" content=\"La Racchetta ODV\" \/>\n<meta property=\"article:publisher\" content=\"https:\/\/www.facebook.com\/LaRacchettaODV\" \/>\n<meta property=\"article:published_time\" content=\"2018-11-05T15:17:35+00:00\" \/>\n<meta property=\"article:modified_time\" content=\"2018-11-05T15:25:39+00:00\" \/>\n<meta property=\"og:image\" content=\"https:\/\/laracchetta.eu\/racchetta\/wp-content\/uploads\/2017\/01\/IMG-20170121-WA0029.jpg\" \/>\n\t<meta property=\"og:image:width\" content=\"1600\" \/>\n\t<meta property=\"og:image:height\" content=\"900\" \/>\n\t<meta property=\"og:image:type\" content=\"image\/jpeg\" \/>\n<meta name=\"author\" content=\"Niccolo_Gori\" \/>\n<meta name=\"twitter:card\" content=\"summary_large_image\" \/>\n<meta name=\"twitter:label1\" content=\"Scritto da\" \/>\n\t<meta name=\"twitter:data1\" content=\"Niccolo_Gori\" \/>\n\t<meta name=\"twitter:label2\" content=\"Tempo di lettura stimato\" \/>\n\t<meta name=\"twitter:data2\" content=\"1 minuto\" \/>\n<script type=\"application\/ld+json\" class=\"yoast-schema-graph\">{\"@context\":\"https:\/\/schema.org\",\"@graph\":[{\"@type\":\"Article\",\"@id\":\"https:\/\/laracchetta.eu\/racchetta\/?p=948#article\",\"isPartOf\":{\"@id\":\"https:\/\/laracchetta.eu\/racchetta\/?p=948\"},\"author\":{\"name\":\"Niccolo_Gori\",\"@id\":\"https:\/\/laracchetta.eu\/racchetta\/#\/schema\/person\/0afcba71d540560eec3f24de9152e06d\"},\"headline\":\"Emergenza in Veneto. La Racchetta non parte\",\"datePublished\":\"2018-11-05T15:17:35+00:00\",\"dateModified\":\"2018-11-05T15:25:39+00:00\",\"mainEntityOfPage\":{\"@id\":\"https:\/\/laracchetta.eu\/racchetta\/?p=948\"},\"wordCount\":209,\"commentCount\":0,\"publisher\":{\"@id\":\"https:\/\/laracchetta.eu\/racchetta\/#organization\"},\"image\":{\"@id\":\"https:\/\/laracchetta.eu\/racchetta\/?p=948#primaryimage\"},\"thumbnailUrl\":\"https:\/\/laracchetta.eu\/racchetta\/wp-content\/uploads\/2017\/01\/IMG-20170121-WA0029.jpg\",\"keywords\":[\"Colonna Mobile\",\"laracchettaonlu\",\"prontiapartire\",\"ProtCiv\",\"Regione Toscana\",\"Veneto\"],\"articleSection\":[\"Protezione CIvile\",\"Racchetta Centrale\"],\"inLanguage\":\"it-IT\",\"potentialAction\":[{\"@type\":\"CommentAction\",\"name\":\"Comment\",\"target\":[\"https:\/\/laracchetta.eu\/racchetta\/?p=948#respond\"]}]},{\"@type\":\"WebPage\",\"@id\":\"https:\/\/laracchetta.eu\/racchetta\/?p=948\",\"url\":\"https:\/\/laracchetta.eu\/racchetta\/?p=948\",\"name\":\"Emergenza in Veneto. La Racchetta non parte - La Racchetta ODV\",\"isPartOf\":{\"@id\":\"https:\/\/laracchetta.eu\/racchetta\/#website\"},\"primaryImageOfPage\":{\"@id\":\"https:\/\/laracchetta.eu\/racchetta\/?p=948#primaryimage\"},\"image\":{\"@id\":\"https:\/\/laracchetta.eu\/racchetta\/?p=948#primaryimage\"},\"thumbnailUrl\":\"https:\/\/laracchetta.eu\/racchetta\/wp-content\/uploads\/2017\/01\/IMG-20170121-WA0029.jpg\",\"datePublished\":\"2018-11-05T15:17:35+00:00\",\"dateModified\":\"2018-11-05T15:25:39+00:00\",\"breadcrumb\":{\"@id\":\"https:\/\/laracchetta.eu\/racchetta\/?p=948#breadcrumb\"},\"inLanguage\":\"it-IT\",\"potentialAction\":[{\"@type\":\"ReadAction\",\"target\":[\"https:\/\/laracchetta.eu\/racchetta\/?p=948\"]}]},{\"@type\":\"ImageObject\",\"inLanguage\":\"it-IT\",\"@id\":\"https:\/\/laracchetta.eu\/racchetta\/?p=948#primaryimage\",\"url\":\"https:\/\/laracchetta.eu\/racchetta\/wp-content\/uploads\/2017\/01\/IMG-20170121-WA0029.jpg\",\"contentUrl\":\"https:\/\/laracchetta.eu\/racchetta\/wp-content\/uploads\/2017\/01\/IMG-20170121-WA0029.jpg\",\"width\":1600,\"height\":900},{\"@type\":\"BreadcrumbList\",\"@id\":\"https:\/\/laracchetta.eu\/racchetta\/?p=948#breadcrumb\",\"itemListElement\":[{\"@type\":\"ListItem\",\"position\":1,\"name\":\"Home\",\"item\":\"https:\/\/laracchetta.eu\/racchetta\/\"},{\"@type\":\"ListItem\",\"position\":2,\"name\":\"Emergenza in Veneto. La Racchetta non parte\"}]},{\"@type\":\"WebSite\",\"@id\":\"https:\/\/laracchetta.eu\/racchetta\/#website\",\"url\":\"https:\/\/laracchetta.eu\/racchetta\/\",\"name\":\"La Racchetta ODV\",\"description\":\"Organizzazione di Volontariato - Antincendio Boschivo e Protezione Civile\",\"publisher\":{\"@id\":\"https:\/\/laracchetta.eu\/racchetta\/#organization\"},\"potentialAction\":[{\"@type\":\"SearchAction\",\"target\":{\"@type\":\"EntryPoint\",\"urlTemplate\":\"https:\/\/laracchetta.eu\/racchetta\/?s={search_term_string}\"},\"query-input\":{\"@type\":\"PropertyValueSpecification\",\"valueRequired\":true,\"valueName\":\"search_term_string\"}}],\"inLanguage\":\"it-IT\"},{\"@type\":\"Organization\",\"@id\":\"https:\/\/laracchetta.eu\/racchetta\/#organization\",\"name\":\"La Racchetta Odv\",\"url\":\"https:\/\/laracchetta.eu\/racchetta\/\",\"logo\":{\"@type\":\"ImageObject\",\"inLanguage\":\"it-IT\",\"@id\":\"https:\/\/laracchetta.eu\/racchetta\/#\/schema\/logo\/image\/\",\"url\":\"https:\/\/i0.wp.com\/laracchetta.eu\/racchetta\/wp-content\/uploads\/2017\/01\/logo-racchetta.png?fit=2237%2C2159&ssl=1\",\"contentUrl\":\"https:\/\/i0.wp.com\/laracchetta.eu\/racchetta\/wp-content\/uploads\/2017\/01\/logo-racchetta.png?fit=2237%2C2159&ssl=1\",\"width\":2237,\"height\":2159,\"caption\":\"La Racchetta Odv\"},\"image\":{\"@id\":\"https:\/\/laracchetta.eu\/racchetta\/#\/schema\/logo\/image\/\"},\"sameAs\":[\"https:\/\/www.facebook.com\/LaRacchettaODV\",\"https:\/\/www.instagram.com\/laracchettaodv\/\"]},{\"@type\":\"Person\",\"@id\":\"https:\/\/laracchetta.eu\/racchetta\/#\/schema\/person\/0afcba71d540560eec3f24de9152e06d\",\"name\":\"Niccolo_Gori\",\"image\":{\"@type\":\"ImageObject\",\"inLanguage\":\"it-IT\",\"@id\":\"https:\/\/laracchetta.eu\/racchetta\/#\/schema\/person\/image\/\",\"url\":\"https:\/\/secure.gravatar.com\/avatar\/52e1612cd6f6d2531b195755517139329fe0864e6748c7b5b2d846cbe836fcf5?s=96&d=mm&r=g\",\"contentUrl\":\"https:\/\/secure.gravatar.com\/avatar\/52e1612cd6f6d2531b195755517139329fe0864e6748c7b5b2d846cbe836fcf5?s=96&d=mm&r=g\",\"caption\":\"Niccolo_Gori\"},\"url\":\"https:\/\/laracchetta.eu\/racchetta\/?author=1\"}]}<\/script>\n<!-- \/ Yoast SEO plugin. -->","yoast_head_json":{"title":"Emergenza in Veneto. La Racchetta non parte - La Racchetta ODV","robots":{"index":"index","follow":"follow","max-snippet":"max-snippet:-1","max-image-preview":"max-image-preview:large","max-video-preview":"max-video-preview:-1"},"canonical":"https:\/\/laracchetta.eu\/racchetta\/?p=948","og_locale":"it_IT","og_type":"article","og_title":"Emergenza in Veneto. La Racchetta non parte - La Racchetta ODV","og_description":"Dal 1972, La Racchetta si mette in moto per aiutare il prossimo. In tutti questi anni, centinaia di volontari sono intervenuti negli eventi disastrosi che hanno coinvolto l&#8217;Italia. Nell&#8217;ultimo evento, [&hellip;]","og_url":"https:\/\/laracchetta.eu\/racchetta\/?p=948","og_site_name":"La Racchetta ODV","article_publisher":"https:\/\/www.facebook.com\/LaRacchettaODV","article_published_time":"2018-11-05T15:17:35+00:00","article_modified_time":"2018-11-05T15:25:39+00:00","og_image":[{"width":1600,"height":900,"url":"https:\/\/laracchetta.eu\/racchetta\/wp-content\/uploads\/2017\/01\/IMG-20170121-WA0029.jpg","type":"image\/jpeg"}],"author":"Niccolo_Gori","twitter_card":"summary_large_image","twitter_misc":{"Scritto da":"Niccolo_Gori","Tempo di lettura stimato":"1 minuto"},"schema":{"@context":"https:\/\/schema.org","@graph":[{"@type":"Article","@id":"https:\/\/laracchetta.eu\/racchetta\/?p=948#article","isPartOf":{"@id":"https:\/\/laracchetta.eu\/racchetta\/?p=948"},"author":{"name":"Niccolo_Gori","@id":"https:\/\/laracchetta.eu\/racchetta\/#\/schema\/person\/0afcba71d540560eec3f24de9152e06d"},"headline":"Emergenza in Veneto. La Racchetta non parte","datePublished":"2018-11-05T15:17:35+00:00","dateModified":"2018-11-05T15:25:39+00:00","mainEntityOfPage":{"@id":"https:\/\/laracchetta.eu\/racchetta\/?p=948"},"wordCount":209,"commentCount":0,"publisher":{"@id":"https:\/\/laracchetta.eu\/racchetta\/#organization"},"image":{"@id":"https:\/\/laracchetta.eu\/racchetta\/?p=948#primaryimage"},"thumbnailUrl":"https:\/\/laracchetta.eu\/racchetta\/wp-content\/uploads\/2017\/01\/IMG-20170121-WA0029.jpg","keywords":["Colonna Mobile","laracchettaonlu","prontiapartire","ProtCiv","Regione Toscana","Veneto"],"articleSection":["Protezione CIvile","Racchetta Centrale"],"inLanguage":"it-IT","potentialAction":[{"@type":"CommentAction","name":"Comment","target":["https:\/\/laracchetta.eu\/racchetta\/?p=948#respond"]}]},{"@type":"WebPage","@id":"https:\/\/laracchetta.eu\/racchetta\/?p=948","url":"https:\/\/laracchetta.eu\/racchetta\/?p=948","name":"Emergenza in Veneto. La Racchetta non parte - La Racchetta ODV","isPartOf":{"@id":"https:\/\/laracchetta.eu\/racchetta\/#website"},"primaryImageOfPage":{"@id":"https:\/\/laracchetta.eu\/racchetta\/?p=948#primaryimage"},"image":{"@id":"https:\/\/laracchetta.eu\/racchetta\/?p=948#primaryimage"},"thumbnailUrl":"https:\/\/laracchetta.eu\/racchetta\/wp-content\/uploads\/2017\/01\/IMG-20170121-WA0029.jpg","datePublished":"2018-11-05T15:17:35+00:00","dateModified":"2018-11-05T15:25:39+00:00","breadcrumb":{"@id":"https:\/\/laracchetta.eu\/racchetta\/?p=948#breadcrumb"},"inLanguage":"it-IT","potentialAction":[{"@type":"ReadAction","target":["https:\/\/laracchetta.eu\/racchetta\/?p=948"]}]},{"@type":"ImageObject","inLanguage":"it-IT","@id":"https:\/\/laracchetta.eu\/racchetta\/?p=948#primaryimage","url":"https:\/\/laracchetta.eu\/racchetta\/wp-content\/uploads\/2017\/01\/IMG-20170121-WA0029.jpg","contentUrl":"https:\/\/laracchetta.eu\/racchetta\/wp-content\/uploads\/2017\/01\/IMG-20170121-WA0029.jpg","width":1600,"height":900},{"@type":"BreadcrumbList","@id":"https:\/\/laracchetta.eu\/racchetta\/?p=948#breadcrumb","itemListElement":[{"@type":"ListItem","position":1,"name":"Home","item":"https:\/\/laracchetta.eu\/racchetta\/"},{"@type":"ListItem","position":2,"name":"Emergenza in Veneto. La Racchetta non parte"}]},{"@type":"WebSite","@id":"https:\/\/laracchetta.eu\/racchetta\/#website","url":"https:\/\/laracchetta.eu\/racchetta\/","name":"La Racchetta ODV","description":"Organizzazione di Volontariato - Antincendio Boschivo e Protezione Civile","publisher":{"@id":"https:\/\/laracchetta.eu\/racchetta\/#organization"},"potentialAction":[{"@type":"SearchAction","target":{"@type":"EntryPoint","urlTemplate":"https:\/\/laracchetta.eu\/racchetta\/?s={search_term_string}"},"query-input":{"@type":"PropertyValueSpecification","valueRequired":true,"valueName":"search_term_string"}}],"inLanguage":"it-IT"},{"@type":"Organization","@id":"https:\/\/laracchetta.eu\/racchetta\/#organization","name":"La Racchetta Odv","url":"https:\/\/laracchetta.eu\/racchetta\/","logo":{"@type":"ImageObject","inLanguage":"it-IT","@id":"https:\/\/laracchetta.eu\/racchetta\/#\/schema\/logo\/image\/","url":"https:\/\/i0.wp.com\/laracchetta.eu\/racchetta\/wp-content\/uploads\/2017\/01\/logo-racchetta.png?fit=2237%2C2159&ssl=1","contentUrl":"https:\/\/i0.wp.com\/laracchetta.eu\/racchetta\/wp-content\/uploads\/2017\/01\/logo-racchetta.png?fit=2237%2C2159&ssl=1","width":2237,"height":2159,"caption":"La Racchetta Odv"},"image":{"@id":"https:\/\/laracchetta.eu\/racchetta\/#\/schema\/logo\/image\/"},"sameAs":["https:\/\/www.facebook.com\/LaRacchettaODV","https:\/\/www.instagram.com\/laracchettaodv\/"]},{"@type":"Person","@id":"https:\/\/laracchetta.eu\/racchetta\/#\/schema\/person\/0afcba71d540560eec3f24de9152e06d","name":"Niccolo_Gori","image":{"@type":"ImageObject","inLanguage":"it-IT","@id":"https:\/\/laracchetta.eu\/racchetta\/#\/schema\/person\/image\/","url":"https:\/\/secure.gravatar.com\/avatar\/52e1612cd6f6d2531b195755517139329fe0864e6748c7b5b2d846cbe836fcf5?s=96&d=mm&r=g","contentUrl":"https:\/\/secure.gravatar.com\/avatar\/52e1612cd6f6d2531b195755517139329fe0864e6748c7b5b2d846cbe836fcf5?s=96&d=mm&r=g","caption":"Niccolo_Gori"},"url":"https:\/\/laracchetta.eu\/racchetta\/?author=1"}]}},"jetpack_featured_media_url":"https:\/\/laracchetta.eu\/racchetta\/wp-content\/uploads\/2017\/01\/IMG-20170121-WA0029.jpg","_links":{"self":[{"href":"https:\/\/laracchetta.eu\/racchetta\/index.php?rest_route=\/wp\/v2\/posts\/948","targetHints":{"allow":["GET"]}}],"collection":[{"href":"https:\/\/laracchetta.eu\/racchetta\/index.php?rest_route=\/wp\/v2\/posts"}],"about":[{"href":"https:\/\/laracchetta.eu\/racchetta\/index.php?rest_route=\/wp\/v2\/types\/post"}],"author":[{"embeddable":true,"href":"https:\/\/laracchetta.eu\/racchetta\/index.php?rest_route=\/wp\/v2\/users\/1"}],"replies":[{"embeddable":true,"href":"https:\/\/laracchetta.eu\/racchetta\/index.php?rest_route=%2Fwp%2Fv2%2Fcomments&post=948"}],"version-history":[{"count":5,"href":"https:\/\/laracchetta.eu\/racchetta\/index.php?rest_route=\/wp\/v2\/posts\/948\/revisions"}],"predecessor-version":[{"id":953,"href":"https:\/\/laracchetta.eu\/racchetta\/index.php?rest_route=\/wp\/v2\/posts\/948\/revisions\/953"}],"wp:featuredmedia":[{"embeddable":true,"href":"https:\/\/laracchetta.eu\/racchetta\/index.php?rest_route=\/wp\/v2\/media\/280"}],"wp:attachment":[{"href":"https:\/\/laracchetta.eu\/racchetta\/index.php?rest_route=%2Fwp%2Fv2%2Fmedia&parent=948"}],"wp:term":[{"taxonomy":"category","embeddable":true,"href":"https:\/\/laracchetta.eu\/racchetta\/index.php?rest_route=%2Fwp%2Fv2%2Fcategories&post=948"},{"taxonomy":"post_tag","embeddable":true,"href":"https:\/\/laracchetta.eu\/racchetta\/index.php?rest_route=%2Fwp%2Fv2%2Ftags&post=948"}],"curies":[{"name":"wp","href":"https:\/\/api.w.org\/{rel}","templated":true}]}}