{"id":841,"date":"2017-12-10T22:44:39","date_gmt":"2017-12-10T20:44:39","guid":{"rendered":"http:\/\/www.laracchetta.eu\/racchetta\/?p=841"},"modified":"2017-12-10T22:44:39","modified_gmt":"2017-12-10T20:44:39","slug":"meteo-allerta-rossa-nellalta-toscana-attenzione-a-vento-e-pioggia-chiuse-molte-scuole","status":"publish","type":"post","link":"https:\/\/laracchetta.eu\/racchetta\/?p=841","title":{"rendered":"Meteo, allerta rossa nell&#8217;Alta Toscana: attenzione a vento e pioggia. Chiuse molte scuole"},"content":{"rendered":"<h2 class=\"summary\">A Pisa niente lezioni nemmeno in universit\u00e0. Le aree interessate al maltempo sono la Lunigiana, la Garfagnana, la valle del Reno fino alla costa e alla Versilia, il Valdarno inferiore tra Lucca e Pistoia, il bacino dell&#8217;Ombrone Pistoiese e il Bisenzio pratese.<\/h2>\n<div>\n<p class=\"alignnone\">&nbsp;<\/p>\n<\/div>\n<p><a href=\"http:\/\/www.regione.toscana.it\/allertameteo\"><img loading=\"lazy\" decoding=\"async\" class=\"alignleft wp-image-843 size-medium\" src=\"http:\/\/www.laracchetta.eu\/racchetta\/wp-content\/uploads\/2017\/12\/Schermata-2017-12-10-alle-14.06.39-300x130.png\" alt=\"\" width=\"300\" height=\"130\" srcset=\"https:\/\/laracchetta.eu\/racchetta\/wp-content\/uploads\/2017\/12\/Schermata-2017-12-10-alle-14.06.39-300x130.png 300w, https:\/\/laracchetta.eu\/racchetta\/wp-content\/uploads\/2017\/12\/Schermata-2017-12-10-alle-14.06.39-400x173.png 400w, https:\/\/laracchetta.eu\/racchetta\/wp-content\/uploads\/2017\/12\/Schermata-2017-12-10-alle-14.06.39-430x186.png 430w, https:\/\/laracchetta.eu\/racchetta\/wp-content\/uploads\/2017\/12\/Schermata-2017-12-10-alle-14.06.39-150x65.png 150w, https:\/\/laracchetta.eu\/racchetta\/wp-content\/uploads\/2017\/12\/Schermata-2017-12-10-alle-14.06.39-100x43.png 100w, https:\/\/laracchetta.eu\/racchetta\/wp-content\/uploads\/2017\/12\/Schermata-2017-12-10-alle-14.06.39.png 577w\" sizes=\"auto, (max-width: 300px) 100vw, 300px\" \/><\/a><\/p>\n<p class=\"alignnone\">E&#8217; rosso, cio\u00e8 massimo, il grado di allerta meteo per l&#8217;Alta Toscana. In alcune zone nevica, in altre piove da ore. L&#8217;innalzamento dell&#8217;allerta \u00e8 stato reso noto dalla protezione civile regionale che fa sapere che il grado sale anche nel resto della Toscana passando da giallo ad arancione. Il nuovo avviso di criticit\u00e0 \u00e8 valido fino alla mezzanotte di luned\u00ec 11 dicembre. Diversi Comuni hanno deciso di tenere chiuse le scuole a Pisa stop anche a tutte le lezioni universitarie. Le aree dove l&#8217;allerta \u00e8 maggiore sono la Lunigiana dove \u00e8 nevicato e dove le temperature sono&nbsp;scese poi sotto lo zero; le Apuane, la Garfagnana, la valle del Reno fino alla costa e alla Versilia, il Valdarno inferiore tra Lucca e Pistoia, il bacino dell&#8217;Ombrone Pistoiese e il Bisenzio pratese. Il rafforzamento dell&#8217;allerta \u00e8 stato deciso dopo l&#8217;ultimo bollettino meteo che indica rinforzo dei venti e piogge diffuse.&nbsp;<\/p>\n<p><strong>Scuole&nbsp;<\/strong>chiuse luned\u00ec 11 dicembre in tutta la provincia di Lucca, ma anche in Lunigiana e nel comune di Massa. La chiusura \u00e8 stata disposta anche a Prato, Vernio, Vaiano e&nbsp;Carmignano, cos\u00ec come a Pistoia e nella provincia e in Versilia. In queste ore si stanno svolgendo riunioni con la protezione civile e molti comuni hanno gi\u00e0 attivato i centri operativi comunali (coc) che rimarranno aperti per tutta la notte. Il provvedimento di chiusura delle scuole \u00e8 stato preso da quei comuni interessati dall&#8217;allerta meteo pi\u00f9 alta, quella con codice rosso. Ha deciso la chiusura delle scuole per luned\u00ec 11 dicembre anche Livorno e Collesalvetti. Aule vuote anche a Cascina, Pontedera, a Castelfranco e a Pisa.<img loading=\"lazy\" decoding=\"async\" class=\"size-medium wp-image-842 alignright\" src=\"http:\/\/www.laracchetta.eu\/racchetta\/wp-content\/uploads\/2017\/12\/FB_IMG_1505143129579-300x168.jpg\" alt=\"\" width=\"300\" height=\"168\" srcset=\"https:\/\/laracchetta.eu\/racchetta\/wp-content\/uploads\/2017\/12\/FB_IMG_1505143129579-300x168.jpg 300w, https:\/\/laracchetta.eu\/racchetta\/wp-content\/uploads\/2017\/12\/FB_IMG_1505143129579-768x431.jpg 768w, https:\/\/laracchetta.eu\/racchetta\/wp-content\/uploads\/2017\/12\/FB_IMG_1505143129579-1024x574.jpg 1024w, https:\/\/laracchetta.eu\/racchetta\/wp-content\/uploads\/2017\/12\/FB_IMG_1505143129579-750x420.jpg 750w, https:\/\/laracchetta.eu\/racchetta\/wp-content\/uploads\/2017\/12\/FB_IMG_1505143129579-400x224.jpg 400w, https:\/\/laracchetta.eu\/racchetta\/wp-content\/uploads\/2017\/12\/FB_IMG_1505143129579-430x241.jpg 430w, https:\/\/laracchetta.eu\/racchetta\/wp-content\/uploads\/2017\/12\/FB_IMG_1505143129579-150x84.jpg 150w, https:\/\/laracchetta.eu\/racchetta\/wp-content\/uploads\/2017\/12\/FB_IMG_1505143129579-100x56.jpg 100w, https:\/\/laracchetta.eu\/racchetta\/wp-content\/uploads\/2017\/12\/FB_IMG_1505143129579.jpg 1600w\" sizes=\"auto, (max-width: 300px) 100vw, 300px\" \/><\/p>\n<p>I fenomeni di maltempo saranno pi\u00f9 accentuati a ridosso delle aree di montagna e a quelle collinari. Nel corso della giornata di luned\u00ec le precipitazioni tenderanno a&nbsp;intensificarsi sui rilievi.<br \/>\nUn ulteriore problema saranno i venti: si rinforzeranno i venti meridionali, con raffiche molto forti all&#8217;inizio sui crinali appenninici e luned\u00ec anche sulle zone costiere e interne. Il mare, da molto mosso diventer\u00e0 agitato. Il moto ondoso si intensificher\u00e0, fino a molto mosso, dalle prime ore&nbsp;di luned\u00ec.<\/p>\n<p>Gli alberi. Nelle sale operative della protezione civile sono arrivate le prime chiamate per gli alberi caduti. L&#8217;incidente pi\u00f9&nbsp;grave \u00e8 avvenuto a Vernio (Prato) dove un albero si \u00e8 abbattuto nel tardo pomeriggio di domenica sulla carreggiata della strada regionale 325, all&#8217;altezza della localit\u00e0 Mulin dei Fossi. Le radici dell&#8217;albero, probabilmente appesantite da neve e pioggia, hanno ceduto e la pianta ha colpito un&#8217;auto. La donna che era alla guida \u00e8 rimasta ferita, ma non in maniera grave. Sul posto sono intervenuti i vigili del fuoco.<\/p>\n<p>Consigliamo di tenere sotto controllo il sito della <a href=\"http:\/\/www.regione.toscana.it\/allertameteo\">Regione Toscana<\/a><\/p>\n<pre><em>Fonti:&nbsp;http:\/\/firenze.repubblica.it\/cronaca\/2017\/12\/10\/news\/allerta_meteo_rossa_nell_alta_toscana_attenzione_a_vento_e_pioggia-183689099\/ ;&nbsp;http:\/\/met.cittametropolitana.fi.it\/news.aspx?n=257511<\/em><\/pre>\n","protected":false},"excerpt":{"rendered":"<p>A Pisa niente lezioni nemmeno in universit\u00e0. Le aree interessate al maltempo sono la Lunigiana, la Garfagnana, la valle del Reno fino alla costa e alla Versilia, il Valdarno inferiore [&hellip;]<\/p>\n","protected":false},"author":1,"featured_media":843,"comment_status":"open","ping_status":"open","sticky":false,"template":"","format":"standard","meta":{"footnotes":""},"categories":[14],"tags":[],"class_list":["post-841","post","type-post","status-publish","format-standard","has-post-thumbnail","hentry","category-protezione-civile"],"yoast_head":"<!-- This site is optimized with the Yoast SEO plugin v25.0 - https:\/\/yoast.com\/wordpress\/plugins\/seo\/ -->\n<title>Meteo, allerta rossa nell&#039;Alta Toscana: attenzione a vento e pioggia. Chiuse molte scuole - La Racchetta ODV<\/title>\n<meta name=\"robots\" content=\"index, follow, max-snippet:-1, max-image-preview:large, max-video-preview:-1\" \/>\n<link rel=\"canonical\" href=\"https:\/\/laracchetta.eu\/racchetta\/?p=841\" \/>\n<meta property=\"og:locale\" content=\"it_IT\" \/>\n<meta property=\"og:type\" content=\"article\" \/>\n<meta property=\"og:title\" content=\"Meteo, allerta rossa nell&#039;Alta Toscana: attenzione a vento e pioggia. Chiuse molte scuole - La Racchetta ODV\" \/>\n<meta property=\"og:description\" content=\"A Pisa niente lezioni nemmeno in universit\u00e0. Le aree interessate al maltempo sono la Lunigiana, la Garfagnana, la valle del Reno fino alla costa e alla Versilia, il Valdarno inferiore [&hellip;]\" \/>\n<meta property=\"og:url\" content=\"https:\/\/laracchetta.eu\/racchetta\/?p=841\" \/>\n<meta property=\"og:site_name\" content=\"La Racchetta ODV\" \/>\n<meta property=\"article:publisher\" content=\"https:\/\/www.facebook.com\/LaRacchettaODV\" \/>\n<meta property=\"article:published_time\" content=\"2017-12-10T20:44:39+00:00\" \/>\n<meta property=\"og:image\" content=\"https:\/\/laracchetta.eu\/racchetta\/wp-content\/uploads\/2017\/12\/Schermata-2017-12-10-alle-14.06.39.png\" \/>\n\t<meta property=\"og:image:width\" content=\"577\" \/>\n\t<meta property=\"og:image:height\" content=\"250\" \/>\n\t<meta property=\"og:image:type\" content=\"image\/png\" \/>\n<meta name=\"author\" content=\"Niccolo_Gori\" \/>\n<meta name=\"twitter:card\" content=\"summary_large_image\" \/>\n<meta name=\"twitter:label1\" content=\"Scritto da\" \/>\n\t<meta name=\"twitter:data1\" content=\"Niccolo_Gori\" \/>\n\t<meta name=\"twitter:label2\" content=\"Tempo di lettura stimato\" \/>\n\t<meta name=\"twitter:data2\" content=\"3 minuti\" \/>\n<script type=\"application\/ld+json\" class=\"yoast-schema-graph\">{\"@context\":\"https:\/\/schema.org\",\"@graph\":[{\"@type\":\"Article\",\"@id\":\"https:\/\/laracchetta.eu\/racchetta\/?p=841#article\",\"isPartOf\":{\"@id\":\"https:\/\/laracchetta.eu\/racchetta\/?p=841\"},\"author\":{\"name\":\"Niccolo_Gori\",\"@id\":\"https:\/\/laracchetta.eu\/racchetta\/#\/schema\/person\/0afcba71d540560eec3f24de9152e06d\"},\"headline\":\"Meteo, allerta rossa nell&#8217;Alta Toscana: attenzione a vento e pioggia. Chiuse molte scuole\",\"datePublished\":\"2017-12-10T20:44:39+00:00\",\"mainEntityOfPage\":{\"@id\":\"https:\/\/laracchetta.eu\/racchetta\/?p=841\"},\"wordCount\":505,\"commentCount\":0,\"publisher\":{\"@id\":\"https:\/\/laracchetta.eu\/racchetta\/#organization\"},\"image\":{\"@id\":\"https:\/\/laracchetta.eu\/racchetta\/?p=841#primaryimage\"},\"thumbnailUrl\":\"https:\/\/laracchetta.eu\/racchetta\/wp-content\/uploads\/2017\/12\/Schermata-2017-12-10-alle-14.06.39.png\",\"articleSection\":[\"Protezione CIvile\"],\"inLanguage\":\"it-IT\",\"potentialAction\":[{\"@type\":\"CommentAction\",\"name\":\"Comment\",\"target\":[\"https:\/\/laracchetta.eu\/racchetta\/?p=841#respond\"]}]},{\"@type\":\"WebPage\",\"@id\":\"https:\/\/laracchetta.eu\/racchetta\/?p=841\",\"url\":\"https:\/\/laracchetta.eu\/racchetta\/?p=841\",\"name\":\"Meteo, allerta rossa nell'Alta Toscana: attenzione a vento e pioggia. Chiuse molte scuole - La Racchetta ODV\",\"isPartOf\":{\"@id\":\"https:\/\/laracchetta.eu\/racchetta\/#website\"},\"primaryImageOfPage\":{\"@id\":\"https:\/\/laracchetta.eu\/racchetta\/?p=841#primaryimage\"},\"image\":{\"@id\":\"https:\/\/laracchetta.eu\/racchetta\/?p=841#primaryimage\"},\"thumbnailUrl\":\"https:\/\/laracchetta.eu\/racchetta\/wp-content\/uploads\/2017\/12\/Schermata-2017-12-10-alle-14.06.39.png\",\"datePublished\":\"2017-12-10T20:44:39+00:00\",\"breadcrumb\":{\"@id\":\"https:\/\/laracchetta.eu\/racchetta\/?p=841#breadcrumb\"},\"inLanguage\":\"it-IT\",\"potentialAction\":[{\"@type\":\"ReadAction\",\"target\":[\"https:\/\/laracchetta.eu\/racchetta\/?p=841\"]}]},{\"@type\":\"ImageObject\",\"inLanguage\":\"it-IT\",\"@id\":\"https:\/\/laracchetta.eu\/racchetta\/?p=841#primaryimage\",\"url\":\"https:\/\/laracchetta.eu\/racchetta\/wp-content\/uploads\/2017\/12\/Schermata-2017-12-10-alle-14.06.39.png\",\"contentUrl\":\"https:\/\/laracchetta.eu\/racchetta\/wp-content\/uploads\/2017\/12\/Schermata-2017-12-10-alle-14.06.39.png\",\"width\":577,\"height\":250},{\"@type\":\"BreadcrumbList\",\"@id\":\"https:\/\/laracchetta.eu\/racchetta\/?p=841#breadcrumb\",\"itemListElement\":[{\"@type\":\"ListItem\",\"position\":1,\"name\":\"Home\",\"item\":\"https:\/\/laracchetta.eu\/racchetta\/\"},{\"@type\":\"ListItem\",\"position\":2,\"name\":\"Meteo, allerta rossa nell&#8217;Alta Toscana: attenzione a vento e pioggia. Chiuse molte scuole\"}]},{\"@type\":\"WebSite\",\"@id\":\"https:\/\/laracchetta.eu\/racchetta\/#website\",\"url\":\"https:\/\/laracchetta.eu\/racchetta\/\",\"name\":\"La Racchetta ODV\",\"description\":\"Organizzazione di Volontariato - Antincendio Boschivo e Protezione Civile\",\"publisher\":{\"@id\":\"https:\/\/laracchetta.eu\/racchetta\/#organization\"},\"potentialAction\":[{\"@type\":\"SearchAction\",\"target\":{\"@type\":\"EntryPoint\",\"urlTemplate\":\"https:\/\/laracchetta.eu\/racchetta\/?s={search_term_string}\"},\"query-input\":{\"@type\":\"PropertyValueSpecification\",\"valueRequired\":true,\"valueName\":\"search_term_string\"}}],\"inLanguage\":\"it-IT\"},{\"@type\":\"Organization\",\"@id\":\"https:\/\/laracchetta.eu\/racchetta\/#organization\",\"name\":\"La Racchetta Odv\",\"url\":\"https:\/\/laracchetta.eu\/racchetta\/\",\"logo\":{\"@type\":\"ImageObject\",\"inLanguage\":\"it-IT\",\"@id\":\"https:\/\/laracchetta.eu\/racchetta\/#\/schema\/logo\/image\/\",\"url\":\"https:\/\/i0.wp.com\/laracchetta.eu\/racchetta\/wp-content\/uploads\/2017\/01\/logo-racchetta.png?fit=2237%2C2159&ssl=1\",\"contentUrl\":\"https:\/\/i0.wp.com\/laracchetta.eu\/racchetta\/wp-content\/uploads\/2017\/01\/logo-racchetta.png?fit=2237%2C2159&ssl=1\",\"width\":2237,\"height\":2159,\"caption\":\"La Racchetta Odv\"},\"image\":{\"@id\":\"https:\/\/laracchetta.eu\/racchetta\/#\/schema\/logo\/image\/\"},\"sameAs\":[\"https:\/\/www.facebook.com\/LaRacchettaODV\",\"https:\/\/www.instagram.com\/laracchettaodv\/\"]},{\"@type\":\"Person\",\"@id\":\"https:\/\/laracchetta.eu\/racchetta\/#\/schema\/person\/0afcba71d540560eec3f24de9152e06d\",\"name\":\"Niccolo_Gori\",\"image\":{\"@type\":\"ImageObject\",\"inLanguage\":\"it-IT\",\"@id\":\"https:\/\/laracchetta.eu\/racchetta\/#\/schema\/person\/image\/\",\"url\":\"https:\/\/secure.gravatar.com\/avatar\/52e1612cd6f6d2531b195755517139329fe0864e6748c7b5b2d846cbe836fcf5?s=96&d=mm&r=g\",\"contentUrl\":\"https:\/\/secure.gravatar.com\/avatar\/52e1612cd6f6d2531b195755517139329fe0864e6748c7b5b2d846cbe836fcf5?s=96&d=mm&r=g\",\"caption\":\"Niccolo_Gori\"},\"url\":\"https:\/\/laracchetta.eu\/racchetta\/?author=1\"}]}<\/script>\n<!-- \/ Yoast SEO plugin. -->","yoast_head_json":{"title":"Meteo, allerta rossa nell'Alta Toscana: attenzione a vento e pioggia. Chiuse molte scuole - La Racchetta ODV","robots":{"index":"index","follow":"follow","max-snippet":"max-snippet:-1","max-image-preview":"max-image-preview:large","max-video-preview":"max-video-preview:-1"},"canonical":"https:\/\/laracchetta.eu\/racchetta\/?p=841","og_locale":"it_IT","og_type":"article","og_title":"Meteo, allerta rossa nell'Alta Toscana: attenzione a vento e pioggia. Chiuse molte scuole - La Racchetta ODV","og_description":"A Pisa niente lezioni nemmeno in universit\u00e0. Le aree interessate al maltempo sono la Lunigiana, la Garfagnana, la valle del Reno fino alla costa e alla Versilia, il Valdarno inferiore [&hellip;]","og_url":"https:\/\/laracchetta.eu\/racchetta\/?p=841","og_site_name":"La Racchetta ODV","article_publisher":"https:\/\/www.facebook.com\/LaRacchettaODV","article_published_time":"2017-12-10T20:44:39+00:00","og_image":[{"width":577,"height":250,"url":"https:\/\/laracchetta.eu\/racchetta\/wp-content\/uploads\/2017\/12\/Schermata-2017-12-10-alle-14.06.39.png","type":"image\/png"}],"author":"Niccolo_Gori","twitter_card":"summary_large_image","twitter_misc":{"Scritto da":"Niccolo_Gori","Tempo di lettura stimato":"3 minuti"},"schema":{"@context":"https:\/\/schema.org","@graph":[{"@type":"Article","@id":"https:\/\/laracchetta.eu\/racchetta\/?p=841#article","isPartOf":{"@id":"https:\/\/laracchetta.eu\/racchetta\/?p=841"},"author":{"name":"Niccolo_Gori","@id":"https:\/\/laracchetta.eu\/racchetta\/#\/schema\/person\/0afcba71d540560eec3f24de9152e06d"},"headline":"Meteo, allerta rossa nell&#8217;Alta Toscana: attenzione a vento e pioggia. Chiuse molte scuole","datePublished":"2017-12-10T20:44:39+00:00","mainEntityOfPage":{"@id":"https:\/\/laracchetta.eu\/racchetta\/?p=841"},"wordCount":505,"commentCount":0,"publisher":{"@id":"https:\/\/laracchetta.eu\/racchetta\/#organization"},"image":{"@id":"https:\/\/laracchetta.eu\/racchetta\/?p=841#primaryimage"},"thumbnailUrl":"https:\/\/laracchetta.eu\/racchetta\/wp-content\/uploads\/2017\/12\/Schermata-2017-12-10-alle-14.06.39.png","articleSection":["Protezione CIvile"],"inLanguage":"it-IT","potentialAction":[{"@type":"CommentAction","name":"Comment","target":["https:\/\/laracchetta.eu\/racchetta\/?p=841#respond"]}]},{"@type":"WebPage","@id":"https:\/\/laracchetta.eu\/racchetta\/?p=841","url":"https:\/\/laracchetta.eu\/racchetta\/?p=841","name":"Meteo, allerta rossa nell'Alta Toscana: attenzione a vento e pioggia. Chiuse molte scuole - La Racchetta ODV","isPartOf":{"@id":"https:\/\/laracchetta.eu\/racchetta\/#website"},"primaryImageOfPage":{"@id":"https:\/\/laracchetta.eu\/racchetta\/?p=841#primaryimage"},"image":{"@id":"https:\/\/laracchetta.eu\/racchetta\/?p=841#primaryimage"},"thumbnailUrl":"https:\/\/laracchetta.eu\/racchetta\/wp-content\/uploads\/2017\/12\/Schermata-2017-12-10-alle-14.06.39.png","datePublished":"2017-12-10T20:44:39+00:00","breadcrumb":{"@id":"https:\/\/laracchetta.eu\/racchetta\/?p=841#breadcrumb"},"inLanguage":"it-IT","potentialAction":[{"@type":"ReadAction","target":["https:\/\/laracchetta.eu\/racchetta\/?p=841"]}]},{"@type":"ImageObject","inLanguage":"it-IT","@id":"https:\/\/laracchetta.eu\/racchetta\/?p=841#primaryimage","url":"https:\/\/laracchetta.eu\/racchetta\/wp-content\/uploads\/2017\/12\/Schermata-2017-12-10-alle-14.06.39.png","contentUrl":"https:\/\/laracchetta.eu\/racchetta\/wp-content\/uploads\/2017\/12\/Schermata-2017-12-10-alle-14.06.39.png","width":577,"height":250},{"@type":"BreadcrumbList","@id":"https:\/\/laracchetta.eu\/racchetta\/?p=841#breadcrumb","itemListElement":[{"@type":"ListItem","position":1,"name":"Home","item":"https:\/\/laracchetta.eu\/racchetta\/"},{"@type":"ListItem","position":2,"name":"Meteo, allerta rossa nell&#8217;Alta Toscana: attenzione a vento e pioggia. Chiuse molte scuole"}]},{"@type":"WebSite","@id":"https:\/\/laracchetta.eu\/racchetta\/#website","url":"https:\/\/laracchetta.eu\/racchetta\/","name":"La Racchetta ODV","description":"Organizzazione di Volontariato - Antincendio Boschivo e Protezione Civile","publisher":{"@id":"https:\/\/laracchetta.eu\/racchetta\/#organization"},"potentialAction":[{"@type":"SearchAction","target":{"@type":"EntryPoint","urlTemplate":"https:\/\/laracchetta.eu\/racchetta\/?s={search_term_string}"},"query-input":{"@type":"PropertyValueSpecification","valueRequired":true,"valueName":"search_term_string"}}],"inLanguage":"it-IT"},{"@type":"Organization","@id":"https:\/\/laracchetta.eu\/racchetta\/#organization","name":"La Racchetta Odv","url":"https:\/\/laracchetta.eu\/racchetta\/","logo":{"@type":"ImageObject","inLanguage":"it-IT","@id":"https:\/\/laracchetta.eu\/racchetta\/#\/schema\/logo\/image\/","url":"https:\/\/i0.wp.com\/laracchetta.eu\/racchetta\/wp-content\/uploads\/2017\/01\/logo-racchetta.png?fit=2237%2C2159&ssl=1","contentUrl":"https:\/\/i0.wp.com\/laracchetta.eu\/racchetta\/wp-content\/uploads\/2017\/01\/logo-racchetta.png?fit=2237%2C2159&ssl=1","width":2237,"height":2159,"caption":"La Racchetta Odv"},"image":{"@id":"https:\/\/laracchetta.eu\/racchetta\/#\/schema\/logo\/image\/"},"sameAs":["https:\/\/www.facebook.com\/LaRacchettaODV","https:\/\/www.instagram.com\/laracchettaodv\/"]},{"@type":"Person","@id":"https:\/\/laracchetta.eu\/racchetta\/#\/schema\/person\/0afcba71d540560eec3f24de9152e06d","name":"Niccolo_Gori","image":{"@type":"ImageObject","inLanguage":"it-IT","@id":"https:\/\/laracchetta.eu\/racchetta\/#\/schema\/person\/image\/","url":"https:\/\/secure.gravatar.com\/avatar\/52e1612cd6f6d2531b195755517139329fe0864e6748c7b5b2d846cbe836fcf5?s=96&d=mm&r=g","contentUrl":"https:\/\/secure.gravatar.com\/avatar\/52e1612cd6f6d2531b195755517139329fe0864e6748c7b5b2d846cbe836fcf5?s=96&d=mm&r=g","caption":"Niccolo_Gori"},"url":"https:\/\/laracchetta.eu\/racchetta\/?author=1"}]}},"jetpack_featured_media_url":"https:\/\/laracchetta.eu\/racchetta\/wp-content\/uploads\/2017\/12\/Schermata-2017-12-10-alle-14.06.39.png","_links":{"self":[{"href":"https:\/\/laracchetta.eu\/racchetta\/index.php?rest_route=\/wp\/v2\/posts\/841","targetHints":{"allow":["GET"]}}],"collection":[{"href":"https:\/\/laracchetta.eu\/racchetta\/index.php?rest_route=\/wp\/v2\/posts"}],"about":[{"href":"https:\/\/laracchetta.eu\/racchetta\/index.php?rest_route=\/wp\/v2\/types\/post"}],"author":[{"embeddable":true,"href":"https:\/\/laracchetta.eu\/racchetta\/index.php?rest_route=\/wp\/v2\/users\/1"}],"replies":[{"embeddable":true,"href":"https:\/\/laracchetta.eu\/racchetta\/index.php?rest_route=%2Fwp%2Fv2%2Fcomments&post=841"}],"version-history":[{"count":1,"href":"https:\/\/laracchetta.eu\/racchetta\/index.php?rest_route=\/wp\/v2\/posts\/841\/revisions"}],"predecessor-version":[{"id":844,"href":"https:\/\/laracchetta.eu\/racchetta\/index.php?rest_route=\/wp\/v2\/posts\/841\/revisions\/844"}],"wp:featuredmedia":[{"embeddable":true,"href":"https:\/\/laracchetta.eu\/racchetta\/index.php?rest_route=\/wp\/v2\/media\/843"}],"wp:attachment":[{"href":"https:\/\/laracchetta.eu\/racchetta\/index.php?rest_route=%2Fwp%2Fv2%2Fmedia&parent=841"}],"wp:term":[{"taxonomy":"category","embeddable":true,"href":"https:\/\/laracchetta.eu\/racchetta\/index.php?rest_route=%2Fwp%2Fv2%2Fcategories&post=841"},{"taxonomy":"post_tag","embeddable":true,"href":"https:\/\/laracchetta.eu\/racchetta\/index.php?rest_route=%2Fwp%2Fv2%2Ftags&post=841"}],"curies":[{"name":"wp","href":"https:\/\/api.w.org\/{rel}","templated":true}]}}