{"id":732,"date":"2017-08-03T14:34:08","date_gmt":"2017-08-03T12:34:08","guid":{"rendered":"http:\/\/www.laracchetta.eu\/racchetta\/?p=732"},"modified":"2017-08-03T14:44:16","modified_gmt":"2017-08-03T12:44:16","slug":"la-toscana-brucia-e-i-nostri-ragazzi-de-la-racchetta-accorrono-per-dare-una-mano","status":"publish","type":"post","link":"https:\/\/laracchetta.eu\/racchetta\/?p=732","title":{"rendered":"La Toscana brucia: e i &#8220;nostri&#8221; ragazzi de La Racchetta accorrono per dare una mano"},"content":{"rendered":"<p>Da Tavarnelle, San Casciano, Ferrone, Panzano: a Castiglione, Radicofani, Montale, Marina di Grosseto<\/p>\n<p>CHIANTI FIORENTINO &#8211;&nbsp;<span dir=\"ltr\">Un weekend di fuoco, se cos\u00ec si pu\u00f2 dire, per i ragazzi chiantigiani che militano nelle varie sezione de La Racchetta.&nbsp;<\/span>Le sezioni di Panzano in Chianti, Ferrone, San Casciano e Tavarnelle sono state infatti impegnate nel fronteggiare l&#8217;emergenza incendi in Toscana. Venerd\u00ec l&#8217;incendio di Castiglione della Pescaia, con le fiamme che sono entrate nei giardini delle belle ville di Poggio D&#8217;oro e l&#8217;impegno di due squadre del Ferrone.&nbsp;<\/p>\n<p><span dir=\"ltr\">S<\/span><span dir=\"ltr\">abato Radicofani e Piancastagnaio per San Casciano e Panzano, domenica il grave incendio di Marina di Grosseto con 22 macchine distrutte e i 400 ettari di Montale, tuttora in corso, che ha rotazione ha impegnato tutte le sezioni.&nbsp;<\/span>Ormai del resto la vegetazione \u00e8 come benzina. Vento e bassa umidit\u00e0, aggravanti della situazione, fanno sviluppare velocemente il pi\u00f9 piccolo focolaio.<\/p>\n<p>&#8220;Si richiede &#8211; dicono dal coordinamento de La Racchetta &#8211; la massima attenzione in tutte le operazioni all&#8217;aria aperta. Segnalate qualsiasi fumata avvistata. Non dimenticate che \u00e8 possibile scendere in campo e aiutare in prima persona a superare l&#8217;emergenza, iscrivendosi alla sezione del proprio comune di residenz&#8221;a.<\/p>\n<p><em>fonte:<a href=\"http:\/\/www.gazzettinodelchianti.it\/articoli\/approfondimenti\/17410\/notizie-sul-chianti-fiorentino\/squadre-racchetta-incendi-toscana.php#.WYMUEojyjFg\">http:\/\/www.gazzettinodelchianti.it\/articoli\/approfondimenti\/17410\/notizie-sul-chianti-fiorentino\/squadre-racchetta-incendi-toscana.php#.WYMUEojyjFg<\/a><\/em><\/p>\n<p>[ngg_images source=&#8221;galleries&#8221; container_ids=&#8221;8&#8243; display_type=&#8221;photocrati-nextgen_basic_slideshow&#8221; gallery_width=&#8221;600&#8243; gallery_height=&#8221;400&#8243; cycle_effect=&#8221;fade&#8221; cycle_interval=&#8221;10&#8243; show_thumbnail_link=&#8221;1&#8243; thumbnail_link_text=&#8221;[Mostra miniature]&#8221; order_by=&#8221;sortorder&#8221; order_direction=&#8221;ASC&#8221; returns=&#8221;included&#8221; maximum_entity_count=&#8221;500&#8243;]<\/p>\n","protected":false},"excerpt":{"rendered":"<p>Da Tavarnelle, San Casciano, Ferrone, Panzano: a Castiglione, Radicofani, Montale, Marina di Grosseto CHIANTI FIORENTINO &#8211;&nbsp;Un weekend di fuoco, se cos\u00ec si pu\u00f2 dire, per i ragazzi chiantigiani che militano [&hellip;]<\/p>\n","protected":false},"author":1,"featured_media":743,"comment_status":"open","ping_status":"open","sticky":false,"template":"","format":"standard","meta":{"footnotes":""},"categories":[12,3],"tags":[],"class_list":["post-732","post","type-post","status-publish","format-standard","has-post-thumbnail","hentry","category-incendio","category-racchetta-centrale"],"yoast_head":"<!-- This site is optimized with the Yoast SEO plugin v25.0 - https:\/\/yoast.com\/wordpress\/plugins\/seo\/ -->\n<title>La Toscana brucia: e i &quot;nostri&quot; ragazzi de La Racchetta accorrono per dare una mano - La Racchetta ODV<\/title>\n<meta name=\"robots\" content=\"index, follow, max-snippet:-1, max-image-preview:large, max-video-preview:-1\" \/>\n<link rel=\"canonical\" href=\"https:\/\/laracchetta.eu\/racchetta\/?p=732\" \/>\n<meta property=\"og:locale\" content=\"it_IT\" \/>\n<meta property=\"og:type\" content=\"article\" \/>\n<meta property=\"og:title\" content=\"La Toscana brucia: e i &quot;nostri&quot; ragazzi de La Racchetta accorrono per dare una mano - La Racchetta ODV\" \/>\n<meta property=\"og:description\" content=\"Da Tavarnelle, San Casciano, Ferrone, Panzano: a Castiglione, Radicofani, Montale, Marina di Grosseto CHIANTI FIORENTINO &#8211;&nbsp;Un weekend di fuoco, se cos\u00ec si pu\u00f2 dire, per i ragazzi chiantigiani che militano [&hellip;]\" \/>\n<meta property=\"og:url\" content=\"https:\/\/laracchetta.eu\/racchetta\/?p=732\" \/>\n<meta property=\"og:site_name\" content=\"La Racchetta ODV\" \/>\n<meta property=\"article:publisher\" content=\"https:\/\/www.facebook.com\/LaRacchettaODV\" \/>\n<meta property=\"article:published_time\" content=\"2017-08-03T12:34:08+00:00\" \/>\n<meta property=\"article:modified_time\" content=\"2017-08-03T12:44:16+00:00\" \/>\n<meta property=\"og:image\" content=\"https:\/\/laracchetta.eu\/racchetta\/wp-content\/uploads\/ngg_featured\/IMG_9310-20170718-085508.JPG\" \/>\n\t<meta property=\"og:image:width\" content=\"1600\" \/>\n\t<meta property=\"og:image:height\" content=\"898\" \/>\n\t<meta property=\"og:image:type\" content=\"image\/jpeg\" \/>\n<meta name=\"author\" content=\"Niccolo_Gori\" \/>\n<meta name=\"twitter:card\" content=\"summary_large_image\" \/>\n<meta name=\"twitter:label1\" content=\"Scritto da\" \/>\n\t<meta name=\"twitter:data1\" content=\"Niccolo_Gori\" \/>\n\t<meta name=\"twitter:label2\" content=\"Tempo di lettura stimato\" \/>\n\t<meta name=\"twitter:data2\" content=\"1 minuto\" \/>\n<script type=\"application\/ld+json\" class=\"yoast-schema-graph\">{\"@context\":\"https:\/\/schema.org\",\"@graph\":[{\"@type\":\"Article\",\"@id\":\"https:\/\/laracchetta.eu\/racchetta\/?p=732#article\",\"isPartOf\":{\"@id\":\"https:\/\/laracchetta.eu\/racchetta\/?p=732\"},\"author\":{\"name\":\"Niccolo_Gori\",\"@id\":\"https:\/\/laracchetta.eu\/racchetta\/#\/schema\/person\/0afcba71d540560eec3f24de9152e06d\"},\"headline\":\"La Toscana brucia: e i &#8220;nostri&#8221; ragazzi de La Racchetta accorrono per dare una mano\",\"datePublished\":\"2017-08-03T12:34:08+00:00\",\"dateModified\":\"2017-08-03T12:44:16+00:00\",\"mainEntityOfPage\":{\"@id\":\"https:\/\/laracchetta.eu\/racchetta\/?p=732\"},\"wordCount\":265,\"commentCount\":0,\"publisher\":{\"@id\":\"https:\/\/laracchetta.eu\/racchetta\/#organization\"},\"image\":{\"@id\":\"https:\/\/laracchetta.eu\/racchetta\/?p=732#primaryimage\"},\"thumbnailUrl\":\"https:\/\/laracchetta.eu\/racchetta\/wp-content\/uploads\/ngg_featured\/IMG_9310-20170718-085508.JPG\",\"articleSection\":[\"Incendio\",\"Racchetta Centrale\"],\"inLanguage\":\"it-IT\",\"potentialAction\":[{\"@type\":\"CommentAction\",\"name\":\"Comment\",\"target\":[\"https:\/\/laracchetta.eu\/racchetta\/?p=732#respond\"]}]},{\"@type\":\"WebPage\",\"@id\":\"https:\/\/laracchetta.eu\/racchetta\/?p=732\",\"url\":\"https:\/\/laracchetta.eu\/racchetta\/?p=732\",\"name\":\"La Toscana brucia: e i \\\"nostri\\\" ragazzi de La Racchetta accorrono per dare una mano - La Racchetta ODV\",\"isPartOf\":{\"@id\":\"https:\/\/laracchetta.eu\/racchetta\/#website\"},\"primaryImageOfPage\":{\"@id\":\"https:\/\/laracchetta.eu\/racchetta\/?p=732#primaryimage\"},\"image\":{\"@id\":\"https:\/\/laracchetta.eu\/racchetta\/?p=732#primaryimage\"},\"thumbnailUrl\":\"https:\/\/laracchetta.eu\/racchetta\/wp-content\/uploads\/ngg_featured\/IMG_9310-20170718-085508.JPG\",\"datePublished\":\"2017-08-03T12:34:08+00:00\",\"dateModified\":\"2017-08-03T12:44:16+00:00\",\"breadcrumb\":{\"@id\":\"https:\/\/laracchetta.eu\/racchetta\/?p=732#breadcrumb\"},\"inLanguage\":\"it-IT\",\"potentialAction\":[{\"@type\":\"ReadAction\",\"target\":[\"https:\/\/laracchetta.eu\/racchetta\/?p=732\"]}]},{\"@type\":\"ImageObject\",\"inLanguage\":\"it-IT\",\"@id\":\"https:\/\/laracchetta.eu\/racchetta\/?p=732#primaryimage\",\"url\":\"https:\/\/laracchetta.eu\/racchetta\/wp-content\/uploads\/ngg_featured\/IMG_9310-20170718-085508.JPG\",\"contentUrl\":\"https:\/\/laracchetta.eu\/racchetta\/wp-content\/uploads\/ngg_featured\/IMG_9310-20170718-085508.JPG\",\"width\":1600,\"height\":898},{\"@type\":\"BreadcrumbList\",\"@id\":\"https:\/\/laracchetta.eu\/racchetta\/?p=732#breadcrumb\",\"itemListElement\":[{\"@type\":\"ListItem\",\"position\":1,\"name\":\"Home\",\"item\":\"https:\/\/laracchetta.eu\/racchetta\/\"},{\"@type\":\"ListItem\",\"position\":2,\"name\":\"La Toscana brucia: e i &#8220;nostri&#8221; ragazzi de La Racchetta accorrono per dare una mano\"}]},{\"@type\":\"WebSite\",\"@id\":\"https:\/\/laracchetta.eu\/racchetta\/#website\",\"url\":\"https:\/\/laracchetta.eu\/racchetta\/\",\"name\":\"La Racchetta ODV\",\"description\":\"Organizzazione di Volontariato - Antincendio Boschivo e Protezione Civile\",\"publisher\":{\"@id\":\"https:\/\/laracchetta.eu\/racchetta\/#organization\"},\"potentialAction\":[{\"@type\":\"SearchAction\",\"target\":{\"@type\":\"EntryPoint\",\"urlTemplate\":\"https:\/\/laracchetta.eu\/racchetta\/?s={search_term_string}\"},\"query-input\":{\"@type\":\"PropertyValueSpecification\",\"valueRequired\":true,\"valueName\":\"search_term_string\"}}],\"inLanguage\":\"it-IT\"},{\"@type\":\"Organization\",\"@id\":\"https:\/\/laracchetta.eu\/racchetta\/#organization\",\"name\":\"La Racchetta Odv\",\"url\":\"https:\/\/laracchetta.eu\/racchetta\/\",\"logo\":{\"@type\":\"ImageObject\",\"inLanguage\":\"it-IT\",\"@id\":\"https:\/\/laracchetta.eu\/racchetta\/#\/schema\/logo\/image\/\",\"url\":\"https:\/\/i0.wp.com\/laracchetta.eu\/racchetta\/wp-content\/uploads\/2017\/01\/logo-racchetta.png?fit=2237%2C2159&ssl=1\",\"contentUrl\":\"https:\/\/i0.wp.com\/laracchetta.eu\/racchetta\/wp-content\/uploads\/2017\/01\/logo-racchetta.png?fit=2237%2C2159&ssl=1\",\"width\":2237,\"height\":2159,\"caption\":\"La Racchetta Odv\"},\"image\":{\"@id\":\"https:\/\/laracchetta.eu\/racchetta\/#\/schema\/logo\/image\/\"},\"sameAs\":[\"https:\/\/www.facebook.com\/LaRacchettaODV\",\"https:\/\/www.instagram.com\/laracchettaodv\/\"]},{\"@type\":\"Person\",\"@id\":\"https:\/\/laracchetta.eu\/racchetta\/#\/schema\/person\/0afcba71d540560eec3f24de9152e06d\",\"name\":\"Niccolo_Gori\",\"image\":{\"@type\":\"ImageObject\",\"inLanguage\":\"it-IT\",\"@id\":\"https:\/\/laracchetta.eu\/racchetta\/#\/schema\/person\/image\/\",\"url\":\"https:\/\/secure.gravatar.com\/avatar\/52e1612cd6f6d2531b195755517139329fe0864e6748c7b5b2d846cbe836fcf5?s=96&d=mm&r=g\",\"contentUrl\":\"https:\/\/secure.gravatar.com\/avatar\/52e1612cd6f6d2531b195755517139329fe0864e6748c7b5b2d846cbe836fcf5?s=96&d=mm&r=g\",\"caption\":\"Niccolo_Gori\"},\"url\":\"https:\/\/laracchetta.eu\/racchetta\/?author=1\"}]}<\/script>\n<!-- \/ Yoast SEO plugin. -->","yoast_head_json":{"title":"La Toscana brucia: e i \"nostri\" ragazzi de La Racchetta accorrono per dare una mano - La Racchetta ODV","robots":{"index":"index","follow":"follow","max-snippet":"max-snippet:-1","max-image-preview":"max-image-preview:large","max-video-preview":"max-video-preview:-1"},"canonical":"https:\/\/laracchetta.eu\/racchetta\/?p=732","og_locale":"it_IT","og_type":"article","og_title":"La Toscana brucia: e i \"nostri\" ragazzi de La Racchetta accorrono per dare una mano - La Racchetta ODV","og_description":"Da Tavarnelle, San Casciano, Ferrone, Panzano: a Castiglione, Radicofani, Montale, Marina di Grosseto CHIANTI FIORENTINO &#8211;&nbsp;Un weekend di fuoco, se cos\u00ec si pu\u00f2 dire, per i ragazzi chiantigiani che militano [&hellip;]","og_url":"https:\/\/laracchetta.eu\/racchetta\/?p=732","og_site_name":"La Racchetta ODV","article_publisher":"https:\/\/www.facebook.com\/LaRacchettaODV","article_published_time":"2017-08-03T12:34:08+00:00","article_modified_time":"2017-08-03T12:44:16+00:00","og_image":[{"width":1600,"height":898,"url":"https:\/\/laracchetta.eu\/racchetta\/wp-content\/uploads\/ngg_featured\/IMG_9310-20170718-085508.JPG","type":"image\/jpeg"}],"author":"Niccolo_Gori","twitter_card":"summary_large_image","twitter_misc":{"Scritto da":"Niccolo_Gori","Tempo di lettura stimato":"1 minuto"},"schema":{"@context":"https:\/\/schema.org","@graph":[{"@type":"Article","@id":"https:\/\/laracchetta.eu\/racchetta\/?p=732#article","isPartOf":{"@id":"https:\/\/laracchetta.eu\/racchetta\/?p=732"},"author":{"name":"Niccolo_Gori","@id":"https:\/\/laracchetta.eu\/racchetta\/#\/schema\/person\/0afcba71d540560eec3f24de9152e06d"},"headline":"La Toscana brucia: e i &#8220;nostri&#8221; ragazzi de La Racchetta accorrono per dare una mano","datePublished":"2017-08-03T12:34:08+00:00","dateModified":"2017-08-03T12:44:16+00:00","mainEntityOfPage":{"@id":"https:\/\/laracchetta.eu\/racchetta\/?p=732"},"wordCount":265,"commentCount":0,"publisher":{"@id":"https:\/\/laracchetta.eu\/racchetta\/#organization"},"image":{"@id":"https:\/\/laracchetta.eu\/racchetta\/?p=732#primaryimage"},"thumbnailUrl":"https:\/\/laracchetta.eu\/racchetta\/wp-content\/uploads\/ngg_featured\/IMG_9310-20170718-085508.JPG","articleSection":["Incendio","Racchetta Centrale"],"inLanguage":"it-IT","potentialAction":[{"@type":"CommentAction","name":"Comment","target":["https:\/\/laracchetta.eu\/racchetta\/?p=732#respond"]}]},{"@type":"WebPage","@id":"https:\/\/laracchetta.eu\/racchetta\/?p=732","url":"https:\/\/laracchetta.eu\/racchetta\/?p=732","name":"La Toscana brucia: e i \"nostri\" ragazzi de La Racchetta accorrono per dare una mano - La Racchetta ODV","isPartOf":{"@id":"https:\/\/laracchetta.eu\/racchetta\/#website"},"primaryImageOfPage":{"@id":"https:\/\/laracchetta.eu\/racchetta\/?p=732#primaryimage"},"image":{"@id":"https:\/\/laracchetta.eu\/racchetta\/?p=732#primaryimage"},"thumbnailUrl":"https:\/\/laracchetta.eu\/racchetta\/wp-content\/uploads\/ngg_featured\/IMG_9310-20170718-085508.JPG","datePublished":"2017-08-03T12:34:08+00:00","dateModified":"2017-08-03T12:44:16+00:00","breadcrumb":{"@id":"https:\/\/laracchetta.eu\/racchetta\/?p=732#breadcrumb"},"inLanguage":"it-IT","potentialAction":[{"@type":"ReadAction","target":["https:\/\/laracchetta.eu\/racchetta\/?p=732"]}]},{"@type":"ImageObject","inLanguage":"it-IT","@id":"https:\/\/laracchetta.eu\/racchetta\/?p=732#primaryimage","url":"https:\/\/laracchetta.eu\/racchetta\/wp-content\/uploads\/ngg_featured\/IMG_9310-20170718-085508.JPG","contentUrl":"https:\/\/laracchetta.eu\/racchetta\/wp-content\/uploads\/ngg_featured\/IMG_9310-20170718-085508.JPG","width":1600,"height":898},{"@type":"BreadcrumbList","@id":"https:\/\/laracchetta.eu\/racchetta\/?p=732#breadcrumb","itemListElement":[{"@type":"ListItem","position":1,"name":"Home","item":"https:\/\/laracchetta.eu\/racchetta\/"},{"@type":"ListItem","position":2,"name":"La Toscana brucia: e i &#8220;nostri&#8221; ragazzi de La Racchetta accorrono per dare una mano"}]},{"@type":"WebSite","@id":"https:\/\/laracchetta.eu\/racchetta\/#website","url":"https:\/\/laracchetta.eu\/racchetta\/","name":"La Racchetta ODV","description":"Organizzazione di Volontariato - Antincendio Boschivo e Protezione Civile","publisher":{"@id":"https:\/\/laracchetta.eu\/racchetta\/#organization"},"potentialAction":[{"@type":"SearchAction","target":{"@type":"EntryPoint","urlTemplate":"https:\/\/laracchetta.eu\/racchetta\/?s={search_term_string}"},"query-input":{"@type":"PropertyValueSpecification","valueRequired":true,"valueName":"search_term_string"}}],"inLanguage":"it-IT"},{"@type":"Organization","@id":"https:\/\/laracchetta.eu\/racchetta\/#organization","name":"La Racchetta Odv","url":"https:\/\/laracchetta.eu\/racchetta\/","logo":{"@type":"ImageObject","inLanguage":"it-IT","@id":"https:\/\/laracchetta.eu\/racchetta\/#\/schema\/logo\/image\/","url":"https:\/\/i0.wp.com\/laracchetta.eu\/racchetta\/wp-content\/uploads\/2017\/01\/logo-racchetta.png?fit=2237%2C2159&ssl=1","contentUrl":"https:\/\/i0.wp.com\/laracchetta.eu\/racchetta\/wp-content\/uploads\/2017\/01\/logo-racchetta.png?fit=2237%2C2159&ssl=1","width":2237,"height":2159,"caption":"La Racchetta Odv"},"image":{"@id":"https:\/\/laracchetta.eu\/racchetta\/#\/schema\/logo\/image\/"},"sameAs":["https:\/\/www.facebook.com\/LaRacchettaODV","https:\/\/www.instagram.com\/laracchettaodv\/"]},{"@type":"Person","@id":"https:\/\/laracchetta.eu\/racchetta\/#\/schema\/person\/0afcba71d540560eec3f24de9152e06d","name":"Niccolo_Gori","image":{"@type":"ImageObject","inLanguage":"it-IT","@id":"https:\/\/laracchetta.eu\/racchetta\/#\/schema\/person\/image\/","url":"https:\/\/secure.gravatar.com\/avatar\/52e1612cd6f6d2531b195755517139329fe0864e6748c7b5b2d846cbe836fcf5?s=96&d=mm&r=g","contentUrl":"https:\/\/secure.gravatar.com\/avatar\/52e1612cd6f6d2531b195755517139329fe0864e6748c7b5b2d846cbe836fcf5?s=96&d=mm&r=g","caption":"Niccolo_Gori"},"url":"https:\/\/laracchetta.eu\/racchetta\/?author=1"}]}},"jetpack_featured_media_url":"https:\/\/laracchetta.eu\/racchetta\/wp-content\/uploads\/ngg_featured\/IMG_9310-20170718-085508.JPG","_links":{"self":[{"href":"https:\/\/laracchetta.eu\/racchetta\/index.php?rest_route=\/wp\/v2\/posts\/732","targetHints":{"allow":["GET"]}}],"collection":[{"href":"https:\/\/laracchetta.eu\/racchetta\/index.php?rest_route=\/wp\/v2\/posts"}],"about":[{"href":"https:\/\/laracchetta.eu\/racchetta\/index.php?rest_route=\/wp\/v2\/types\/post"}],"author":[{"embeddable":true,"href":"https:\/\/laracchetta.eu\/racchetta\/index.php?rest_route=\/wp\/v2\/users\/1"}],"replies":[{"embeddable":true,"href":"https:\/\/laracchetta.eu\/racchetta\/index.php?rest_route=%2Fwp%2Fv2%2Fcomments&post=732"}],"version-history":[{"count":1,"href":"https:\/\/laracchetta.eu\/racchetta\/index.php?rest_route=\/wp\/v2\/posts\/732\/revisions"}],"predecessor-version":[{"id":744,"href":"https:\/\/laracchetta.eu\/racchetta\/index.php?rest_route=\/wp\/v2\/posts\/732\/revisions\/744"}],"wp:featuredmedia":[{"embeddable":true,"href":"https:\/\/laracchetta.eu\/racchetta\/index.php?rest_route=\/wp\/v2\/media\/743"}],"wp:attachment":[{"href":"https:\/\/laracchetta.eu\/racchetta\/index.php?rest_route=%2Fwp%2Fv2%2Fmedia&parent=732"}],"wp:term":[{"taxonomy":"category","embeddable":true,"href":"https:\/\/laracchetta.eu\/racchetta\/index.php?rest_route=%2Fwp%2Fv2%2Fcategories&post=732"},{"taxonomy":"post_tag","embeddable":true,"href":"https:\/\/laracchetta.eu\/racchetta\/index.php?rest_route=%2Fwp%2Fv2%2Ftags&post=732"}],"curies":[{"name":"wp","href":"https:\/\/api.w.org\/{rel}","templated":true}]}}