{"id":2252,"date":"2023-04-07T16:31:02","date_gmt":"2023-04-07T14:31:02","guid":{"rendered":"https:\/\/laracchetta.eu\/racchetta\/2023\/04\/07\/incendio-boschivo-loc-montecastello-pontedera\/"},"modified":"2023-04-07T18:30:03","modified_gmt":"2023-04-07T16:30:03","slug":"incendio-boschivo-loc-montecastello-pontedera","status":"publish","type":"post","link":"https:\/\/laracchetta.eu\/racchetta\/?p=2252","title":{"rendered":"incendio boschivo loc. Montecastello &#8211; Pontedera ."},"content":{"rendered":"<h4>Incendio Boschivo loc. Montecastello &#8211; Pontedera (PI).<br><br> Alle ore 18:40 di Gioved\u00ec 06 Aprile 2023 \u00e8 scoppiato un incendio boschivo in localit\u00e0 Montecastello nel comune di Pontedera. Sono intervenute squadre Racchetta dalla sezione di Cascina. Inoltre sono intervenute squadre Anpas Sezione Di Pontedera, Calci Gestione P.a.f.r., Vvf Distaccamento Vvf Cascina. Sono bruciati 0,0300 ettari di Bosco. <\/h4><br><h4> #laracchettaodv #incendioaib #RegioneToscana #prontiapartire<\/h4><h4> 16:30 07\/04\/2023<\/h4>\n                  <figure class=\"wp-block-image size-large\"><img loading=\"lazy\" decoding=\"async\" width=\"1600\" height=\"900\" src=\"https:\/\/laracchetta.eu\/racchetta\/wp-content\/uploads\/2023\/04\/WhatsApp Image 2022-08-12 at 11.40.12 (2).jpeg\" alt=\"\" class=\"wp-image-2253\" srcset=\"https:\/\/laracchetta.eu\/racchetta\/wp-content\/uploads\/2023\/04\/WhatsApp%20Image%202022-08-12%20at%2011.40.12%20(2).jpeg 1600w, https:\/\/laracchetta.eu\/racchetta\/wp-content\/uploads\/2023\/04\/WhatsApp%20Image%202022-08-12%20at%2011.40.12%20(2)-300x169.jpeg 300w, https:\/\/laracchetta.eu\/racchetta\/wp-content\/uploads\/2023\/04\/WhatsApp%20Image%202022-08-12%20at%2011.40.12%20(2)-1024x576.jpeg 1024w, https:\/\/laracchetta.eu\/racchetta\/wp-content\/uploads\/2023\/04\/WhatsApp%20Image%202022-08-12%20at%2011.40.12%20(2)-768x432.jpeg 768w, https:\/\/laracchetta.eu\/racchetta\/wp-content\/uploads\/2023\/04\/WhatsApp%20Image%202022-08-12%20at%2011.40.12%20(2)-1536x864.jpeg 1536w, https:\/\/laracchetta.eu\/racchetta\/wp-content\/uploads\/2023\/04\/WhatsApp%20Image%202022-08-12%20at%2011.40.12%20(2)-750x422.jpeg 750w, https:\/\/laracchetta.eu\/racchetta\/wp-content\/uploads\/2023\/04\/WhatsApp%20Image%202022-08-12%20at%2011.40.12%20(2)-400x225.jpeg 400w, https:\/\/laracchetta.eu\/racchetta\/wp-content\/uploads\/2023\/04\/WhatsApp%20Image%202022-08-12%20at%2011.40.12%20(2)-430x242.jpeg 430w, https:\/\/laracchetta.eu\/racchetta\/wp-content\/uploads\/2023\/04\/WhatsApp%20Image%202022-08-12%20at%2011.40.12%20(2)-150x84.jpeg 150w, https:\/\/laracchetta.eu\/racchetta\/wp-content\/uploads\/2023\/04\/WhatsApp%20Image%202022-08-12%20at%2011.40.12%20(2)-100x56.jpeg 100w\" sizes=\"auto, (max-width: 1600px) 100vw, 1600px\" \/><\/figure>\n                  ","protected":false},"excerpt":{"rendered":"<p>Incendio Boschivo loc. Montecastello &#8211; Pontedera (PI). Alle ore 18:40 di Gioved\u00ec 06 Aprile 2023 \u00e8 scoppiato un incendio boschivo in localit\u00e0 Montecastello nel comune di Pontedera. Sono intervenute squadre [&hellip;]<\/p>\n","protected":false},"author":1,"featured_media":2253,"comment_status":"open","ping_status":"open","sticky":false,"template":"","format":"standard","meta":{"footnotes":""},"categories":[12],"tags":[],"class_list":["post-2252","post","type-post","status-publish","format-standard","has-post-thumbnail","hentry","category-incendio"],"yoast_head":"<!-- This site is optimized with the Yoast SEO plugin v25.0 - https:\/\/yoast.com\/wordpress\/plugins\/seo\/ -->\n<title>incendio boschivo loc. Montecastello - Pontedera . - La Racchetta ODV<\/title>\n<meta name=\"robots\" content=\"index, follow, max-snippet:-1, max-image-preview:large, max-video-preview:-1\" \/>\n<link rel=\"canonical\" href=\"https:\/\/laracchetta.eu\/racchetta\/?p=2252\" \/>\n<meta property=\"og:locale\" content=\"it_IT\" \/>\n<meta property=\"og:type\" content=\"article\" \/>\n<meta property=\"og:title\" content=\"incendio boschivo loc. Montecastello - Pontedera . - La Racchetta ODV\" \/>\n<meta property=\"og:description\" content=\"Incendio Boschivo loc. Montecastello &#8211; Pontedera (PI). Alle ore 18:40 di Gioved\u00ec 06 Aprile 2023 \u00e8 scoppiato un incendio boschivo in localit\u00e0 Montecastello nel comune di Pontedera. Sono intervenute squadre [&hellip;]\" \/>\n<meta property=\"og:url\" content=\"https:\/\/laracchetta.eu\/racchetta\/?p=2252\" \/>\n<meta property=\"og:site_name\" content=\"La Racchetta ODV\" \/>\n<meta property=\"article:publisher\" content=\"https:\/\/www.facebook.com\/LaRacchettaODV\" \/>\n<meta property=\"article:published_time\" content=\"2023-04-07T14:31:02+00:00\" \/>\n<meta property=\"article:modified_time\" content=\"2023-04-07T16:30:03+00:00\" \/>\n<meta property=\"og:image\" content=\"https:\/\/laracchetta.eu\/racchetta\/wp-content\/uploads\/2023\/04\/WhatsApp%20Image%202022-08-12%20at%2011.40.12%20(2).jpeg\" \/>\n\t<meta property=\"og:image:width\" content=\"1600\" \/>\n\t<meta property=\"og:image:height\" content=\"900\" \/>\n\t<meta property=\"og:image:type\" content=\"image\/jpeg\" \/>\n<meta name=\"author\" content=\"Niccolo_Gori\" \/>\n<meta name=\"twitter:card\" content=\"summary_large_image\" \/>\n<meta name=\"twitter:label1\" content=\"Scritto da\" \/>\n\t<meta name=\"twitter:data1\" content=\"Niccolo_Gori\" \/>\n<script type=\"application\/ld+json\" class=\"yoast-schema-graph\">{\"@context\":\"https:\/\/schema.org\",\"@graph\":[{\"@type\":\"Article\",\"@id\":\"https:\/\/laracchetta.eu\/racchetta\/?p=2252#article\",\"isPartOf\":{\"@id\":\"https:\/\/laracchetta.eu\/racchetta\/?p=2252\"},\"author\":{\"name\":\"Niccolo_Gori\",\"@id\":\"https:\/\/laracchetta.eu\/racchetta\/#\/schema\/person\/0afcba71d540560eec3f24de9152e06d\"},\"headline\":\"incendio boschivo loc. Montecastello &#8211; Pontedera .\",\"datePublished\":\"2023-04-07T14:31:02+00:00\",\"dateModified\":\"2023-04-07T16:30:03+00:00\",\"mainEntityOfPage\":{\"@id\":\"https:\/\/laracchetta.eu\/racchetta\/?p=2252\"},\"wordCount\":64,\"commentCount\":0,\"publisher\":{\"@id\":\"https:\/\/laracchetta.eu\/racchetta\/#organization\"},\"image\":{\"@id\":\"https:\/\/laracchetta.eu\/racchetta\/?p=2252#primaryimage\"},\"thumbnailUrl\":\"https:\/\/laracchetta.eu\/racchetta\/wp-content\/uploads\/2023\/04\/WhatsApp Image 2022-08-12 at 11.40.12 (2).jpeg\",\"articleSection\":[\"Incendio\"],\"inLanguage\":\"it-IT\",\"potentialAction\":[{\"@type\":\"CommentAction\",\"name\":\"Comment\",\"target\":[\"https:\/\/laracchetta.eu\/racchetta\/?p=2252#respond\"]}]},{\"@type\":\"WebPage\",\"@id\":\"https:\/\/laracchetta.eu\/racchetta\/?p=2252\",\"url\":\"https:\/\/laracchetta.eu\/racchetta\/?p=2252\",\"name\":\"incendio boschivo loc. Montecastello - Pontedera . - La Racchetta ODV\",\"isPartOf\":{\"@id\":\"https:\/\/laracchetta.eu\/racchetta\/#website\"},\"primaryImageOfPage\":{\"@id\":\"https:\/\/laracchetta.eu\/racchetta\/?p=2252#primaryimage\"},\"image\":{\"@id\":\"https:\/\/laracchetta.eu\/racchetta\/?p=2252#primaryimage\"},\"thumbnailUrl\":\"https:\/\/laracchetta.eu\/racchetta\/wp-content\/uploads\/2023\/04\/WhatsApp Image 2022-08-12 at 11.40.12 (2).jpeg\",\"datePublished\":\"2023-04-07T14:31:02+00:00\",\"dateModified\":\"2023-04-07T16:30:03+00:00\",\"breadcrumb\":{\"@id\":\"https:\/\/laracchetta.eu\/racchetta\/?p=2252#breadcrumb\"},\"inLanguage\":\"it-IT\",\"potentialAction\":[{\"@type\":\"ReadAction\",\"target\":[\"https:\/\/laracchetta.eu\/racchetta\/?p=2252\"]}]},{\"@type\":\"ImageObject\",\"inLanguage\":\"it-IT\",\"@id\":\"https:\/\/laracchetta.eu\/racchetta\/?p=2252#primaryimage\",\"url\":\"https:\/\/laracchetta.eu\/racchetta\/wp-content\/uploads\/2023\/04\/WhatsApp Image 2022-08-12 at 11.40.12 (2).jpeg\",\"contentUrl\":\"https:\/\/laracchetta.eu\/racchetta\/wp-content\/uploads\/2023\/04\/WhatsApp Image 2022-08-12 at 11.40.12 (2).jpeg\",\"width\":1600,\"height\":900},{\"@type\":\"BreadcrumbList\",\"@id\":\"https:\/\/laracchetta.eu\/racchetta\/?p=2252#breadcrumb\",\"itemListElement\":[{\"@type\":\"ListItem\",\"position\":1,\"name\":\"Home\",\"item\":\"https:\/\/laracchetta.eu\/racchetta\/\"},{\"@type\":\"ListItem\",\"position\":2,\"name\":\"incendio boschivo loc. Montecastello &#8211; Pontedera .\"}]},{\"@type\":\"WebSite\",\"@id\":\"https:\/\/laracchetta.eu\/racchetta\/#website\",\"url\":\"https:\/\/laracchetta.eu\/racchetta\/\",\"name\":\"La Racchetta ODV\",\"description\":\"Organizzazione di Volontariato - Antincendio Boschivo e Protezione Civile\",\"publisher\":{\"@id\":\"https:\/\/laracchetta.eu\/racchetta\/#organization\"},\"potentialAction\":[{\"@type\":\"SearchAction\",\"target\":{\"@type\":\"EntryPoint\",\"urlTemplate\":\"https:\/\/laracchetta.eu\/racchetta\/?s={search_term_string}\"},\"query-input\":{\"@type\":\"PropertyValueSpecification\",\"valueRequired\":true,\"valueName\":\"search_term_string\"}}],\"inLanguage\":\"it-IT\"},{\"@type\":\"Organization\",\"@id\":\"https:\/\/laracchetta.eu\/racchetta\/#organization\",\"name\":\"La Racchetta Odv\",\"url\":\"https:\/\/laracchetta.eu\/racchetta\/\",\"logo\":{\"@type\":\"ImageObject\",\"inLanguage\":\"it-IT\",\"@id\":\"https:\/\/laracchetta.eu\/racchetta\/#\/schema\/logo\/image\/\",\"url\":\"https:\/\/i0.wp.com\/laracchetta.eu\/racchetta\/wp-content\/uploads\/2017\/01\/logo-racchetta.png?fit=2237%2C2159&ssl=1\",\"contentUrl\":\"https:\/\/i0.wp.com\/laracchetta.eu\/racchetta\/wp-content\/uploads\/2017\/01\/logo-racchetta.png?fit=2237%2C2159&ssl=1\",\"width\":2237,\"height\":2159,\"caption\":\"La Racchetta Odv\"},\"image\":{\"@id\":\"https:\/\/laracchetta.eu\/racchetta\/#\/schema\/logo\/image\/\"},\"sameAs\":[\"https:\/\/www.facebook.com\/LaRacchettaODV\",\"https:\/\/www.instagram.com\/laracchettaodv\/\"]},{\"@type\":\"Person\",\"@id\":\"https:\/\/laracchetta.eu\/racchetta\/#\/schema\/person\/0afcba71d540560eec3f24de9152e06d\",\"name\":\"Niccolo_Gori\",\"image\":{\"@type\":\"ImageObject\",\"inLanguage\":\"it-IT\",\"@id\":\"https:\/\/laracchetta.eu\/racchetta\/#\/schema\/person\/image\/\",\"url\":\"https:\/\/secure.gravatar.com\/avatar\/52e1612cd6f6d2531b195755517139329fe0864e6748c7b5b2d846cbe836fcf5?s=96&d=mm&r=g\",\"contentUrl\":\"https:\/\/secure.gravatar.com\/avatar\/52e1612cd6f6d2531b195755517139329fe0864e6748c7b5b2d846cbe836fcf5?s=96&d=mm&r=g\",\"caption\":\"Niccolo_Gori\"},\"url\":\"https:\/\/laracchetta.eu\/racchetta\/?author=1\"}]}<\/script>\n<!-- \/ Yoast SEO plugin. -->","yoast_head_json":{"title":"incendio boschivo loc. Montecastello - Pontedera . - La Racchetta ODV","robots":{"index":"index","follow":"follow","max-snippet":"max-snippet:-1","max-image-preview":"max-image-preview:large","max-video-preview":"max-video-preview:-1"},"canonical":"https:\/\/laracchetta.eu\/racchetta\/?p=2252","og_locale":"it_IT","og_type":"article","og_title":"incendio boschivo loc. Montecastello - Pontedera . - La Racchetta ODV","og_description":"Incendio Boschivo loc. Montecastello &#8211; Pontedera (PI). Alle ore 18:40 di Gioved\u00ec 06 Aprile 2023 \u00e8 scoppiato un incendio boschivo in localit\u00e0 Montecastello nel comune di Pontedera. Sono intervenute squadre [&hellip;]","og_url":"https:\/\/laracchetta.eu\/racchetta\/?p=2252","og_site_name":"La Racchetta ODV","article_publisher":"https:\/\/www.facebook.com\/LaRacchettaODV","article_published_time":"2023-04-07T14:31:02+00:00","article_modified_time":"2023-04-07T16:30:03+00:00","og_image":[{"width":1600,"height":900,"url":"https:\/\/laracchetta.eu\/racchetta\/wp-content\/uploads\/2023\/04\/WhatsApp Image 2022-08-12 at 11.40.12 (2).jpeg","type":"image\/jpeg"}],"author":"Niccolo_Gori","twitter_card":"summary_large_image","twitter_misc":{"Scritto da":"Niccolo_Gori"},"schema":{"@context":"https:\/\/schema.org","@graph":[{"@type":"Article","@id":"https:\/\/laracchetta.eu\/racchetta\/?p=2252#article","isPartOf":{"@id":"https:\/\/laracchetta.eu\/racchetta\/?p=2252"},"author":{"name":"Niccolo_Gori","@id":"https:\/\/laracchetta.eu\/racchetta\/#\/schema\/person\/0afcba71d540560eec3f24de9152e06d"},"headline":"incendio boschivo loc. Montecastello &#8211; Pontedera .","datePublished":"2023-04-07T14:31:02+00:00","dateModified":"2023-04-07T16:30:03+00:00","mainEntityOfPage":{"@id":"https:\/\/laracchetta.eu\/racchetta\/?p=2252"},"wordCount":64,"commentCount":0,"publisher":{"@id":"https:\/\/laracchetta.eu\/racchetta\/#organization"},"image":{"@id":"https:\/\/laracchetta.eu\/racchetta\/?p=2252#primaryimage"},"thumbnailUrl":"https:\/\/laracchetta.eu\/racchetta\/wp-content\/uploads\/2023\/04\/WhatsApp Image 2022-08-12 at 11.40.12 (2).jpeg","articleSection":["Incendio"],"inLanguage":"it-IT","potentialAction":[{"@type":"CommentAction","name":"Comment","target":["https:\/\/laracchetta.eu\/racchetta\/?p=2252#respond"]}]},{"@type":"WebPage","@id":"https:\/\/laracchetta.eu\/racchetta\/?p=2252","url":"https:\/\/laracchetta.eu\/racchetta\/?p=2252","name":"incendio boschivo loc. Montecastello - Pontedera . - La Racchetta ODV","isPartOf":{"@id":"https:\/\/laracchetta.eu\/racchetta\/#website"},"primaryImageOfPage":{"@id":"https:\/\/laracchetta.eu\/racchetta\/?p=2252#primaryimage"},"image":{"@id":"https:\/\/laracchetta.eu\/racchetta\/?p=2252#primaryimage"},"thumbnailUrl":"https:\/\/laracchetta.eu\/racchetta\/wp-content\/uploads\/2023\/04\/WhatsApp Image 2022-08-12 at 11.40.12 (2).jpeg","datePublished":"2023-04-07T14:31:02+00:00","dateModified":"2023-04-07T16:30:03+00:00","breadcrumb":{"@id":"https:\/\/laracchetta.eu\/racchetta\/?p=2252#breadcrumb"},"inLanguage":"it-IT","potentialAction":[{"@type":"ReadAction","target":["https:\/\/laracchetta.eu\/racchetta\/?p=2252"]}]},{"@type":"ImageObject","inLanguage":"it-IT","@id":"https:\/\/laracchetta.eu\/racchetta\/?p=2252#primaryimage","url":"https:\/\/laracchetta.eu\/racchetta\/wp-content\/uploads\/2023\/04\/WhatsApp Image 2022-08-12 at 11.40.12 (2).jpeg","contentUrl":"https:\/\/laracchetta.eu\/racchetta\/wp-content\/uploads\/2023\/04\/WhatsApp Image 2022-08-12 at 11.40.12 (2).jpeg","width":1600,"height":900},{"@type":"BreadcrumbList","@id":"https:\/\/laracchetta.eu\/racchetta\/?p=2252#breadcrumb","itemListElement":[{"@type":"ListItem","position":1,"name":"Home","item":"https:\/\/laracchetta.eu\/racchetta\/"},{"@type":"ListItem","position":2,"name":"incendio boschivo loc. Montecastello &#8211; Pontedera ."}]},{"@type":"WebSite","@id":"https:\/\/laracchetta.eu\/racchetta\/#website","url":"https:\/\/laracchetta.eu\/racchetta\/","name":"La Racchetta ODV","description":"Organizzazione di Volontariato - Antincendio Boschivo e Protezione Civile","publisher":{"@id":"https:\/\/laracchetta.eu\/racchetta\/#organization"},"potentialAction":[{"@type":"SearchAction","target":{"@type":"EntryPoint","urlTemplate":"https:\/\/laracchetta.eu\/racchetta\/?s={search_term_string}"},"query-input":{"@type":"PropertyValueSpecification","valueRequired":true,"valueName":"search_term_string"}}],"inLanguage":"it-IT"},{"@type":"Organization","@id":"https:\/\/laracchetta.eu\/racchetta\/#organization","name":"La Racchetta Odv","url":"https:\/\/laracchetta.eu\/racchetta\/","logo":{"@type":"ImageObject","inLanguage":"it-IT","@id":"https:\/\/laracchetta.eu\/racchetta\/#\/schema\/logo\/image\/","url":"https:\/\/i0.wp.com\/laracchetta.eu\/racchetta\/wp-content\/uploads\/2017\/01\/logo-racchetta.png?fit=2237%2C2159&ssl=1","contentUrl":"https:\/\/i0.wp.com\/laracchetta.eu\/racchetta\/wp-content\/uploads\/2017\/01\/logo-racchetta.png?fit=2237%2C2159&ssl=1","width":2237,"height":2159,"caption":"La Racchetta Odv"},"image":{"@id":"https:\/\/laracchetta.eu\/racchetta\/#\/schema\/logo\/image\/"},"sameAs":["https:\/\/www.facebook.com\/LaRacchettaODV","https:\/\/www.instagram.com\/laracchettaodv\/"]},{"@type":"Person","@id":"https:\/\/laracchetta.eu\/racchetta\/#\/schema\/person\/0afcba71d540560eec3f24de9152e06d","name":"Niccolo_Gori","image":{"@type":"ImageObject","inLanguage":"it-IT","@id":"https:\/\/laracchetta.eu\/racchetta\/#\/schema\/person\/image\/","url":"https:\/\/secure.gravatar.com\/avatar\/52e1612cd6f6d2531b195755517139329fe0864e6748c7b5b2d846cbe836fcf5?s=96&d=mm&r=g","contentUrl":"https:\/\/secure.gravatar.com\/avatar\/52e1612cd6f6d2531b195755517139329fe0864e6748c7b5b2d846cbe836fcf5?s=96&d=mm&r=g","caption":"Niccolo_Gori"},"url":"https:\/\/laracchetta.eu\/racchetta\/?author=1"}]}},"jetpack_featured_media_url":"https:\/\/laracchetta.eu\/racchetta\/wp-content\/uploads\/2023\/04\/WhatsApp Image 2022-08-12 at 11.40.12 (2).jpeg","_links":{"self":[{"href":"https:\/\/laracchetta.eu\/racchetta\/index.php?rest_route=\/wp\/v2\/posts\/2252","targetHints":{"allow":["GET"]}}],"collection":[{"href":"https:\/\/laracchetta.eu\/racchetta\/index.php?rest_route=\/wp\/v2\/posts"}],"about":[{"href":"https:\/\/laracchetta.eu\/racchetta\/index.php?rest_route=\/wp\/v2\/types\/post"}],"author":[{"embeddable":true,"href":"https:\/\/laracchetta.eu\/racchetta\/index.php?rest_route=\/wp\/v2\/users\/1"}],"replies":[{"embeddable":true,"href":"https:\/\/laracchetta.eu\/racchetta\/index.php?rest_route=%2Fwp%2Fv2%2Fcomments&post=2252"}],"version-history":[{"count":1,"href":"https:\/\/laracchetta.eu\/racchetta\/index.php?rest_route=\/wp\/v2\/posts\/2252\/revisions"}],"predecessor-version":[{"id":2254,"href":"https:\/\/laracchetta.eu\/racchetta\/index.php?rest_route=\/wp\/v2\/posts\/2252\/revisions\/2254"}],"wp:featuredmedia":[{"embeddable":true,"href":"https:\/\/laracchetta.eu\/racchetta\/index.php?rest_route=\/wp\/v2\/media\/2253"}],"wp:attachment":[{"href":"https:\/\/laracchetta.eu\/racchetta\/index.php?rest_route=%2Fwp%2Fv2%2Fmedia&parent=2252"}],"wp:term":[{"taxonomy":"category","embeddable":true,"href":"https:\/\/laracchetta.eu\/racchetta\/index.php?rest_route=%2Fwp%2Fv2%2Fcategories&post=2252"},{"taxonomy":"post_tag","embeddable":true,"href":"https:\/\/laracchetta.eu\/racchetta\/index.php?rest_route=%2Fwp%2Fv2%2Ftags&post=2252"}],"curies":[{"name":"wp","href":"https:\/\/api.w.org\/{rel}","templated":true}]}}