{"id":2194,"date":"2022-09-23T16:31:02","date_gmt":"2022-09-23T14:31:02","guid":{"rendered":"https:\/\/laracchetta.eu\/racchetta\/2022\/09\/23\/incendi-in-corso-23-09-2022\/"},"modified":"2022-09-23T18:30:03","modified_gmt":"2022-09-23T16:30:03","slug":"incendi-in-corso-23-09-2022","status":"publish","type":"post","link":"https:\/\/laracchetta.eu\/racchetta\/?p=2194","title":{"rendered":"Incendi in Corso 23\/09\/2022"},"content":{"rendered":"<h4>Incendio Di Vegetazione loc. Cascina &#8211; Cascina (PI).<br><br> Alle ore 12:04 di oggi, Venerd\u00ec 23 Settembre 2022 \u00e8 scoppiato un incendio di vegetazione in localit\u00e0 Cascina nel comune di Cascina. Sono intervenute squadre Racchetta dalla sezione di Cascina. Inoltre sono intervenute squadre Vvf Distaccamento Vvf Cascina. <\/h4><br><h4>Incendio Boschivo loc. Solaia &#8211; Monticiano (SI).<br><br> Alle ore 23:21 di Gioved\u00ec 22 Settembre 2022 \u00e8 scoppiato un incendio boschivo in localit\u00e0 Solaia nel comune di Monticiano. Sono intervenute squadre Racchetta dalle sezioni di Chiusdino, Sovicille. Inoltre sono intervenute squadre Ccfor Comando Stazione Monticiano, Unione Di Comuni Val Di Merse, Vvf Comando Provinciale Vvf Siena Centrale. <\/h4><br><h4> #laracchettaodv #incendioaib #RegioneToscana #prontiapartire<\/h4><h4> 18:30 23\/09\/2022<\/h4>\n                  <figure class=\"wp-block-image size-large\"><img loading=\"lazy\" decoding=\"async\" width=\"2048\" height=\"1536\" src=\"https:\/\/laracchetta.eu\/racchetta\/wp-content\/uploads\/2022\/09\/WhatsApp Image 2022-03-28 at 19.39.15 (1).jpeg\" alt=\"\" class=\"wp-image-2195\" srcset=\"https:\/\/laracchetta.eu\/racchetta\/wp-content\/uploads\/2022\/09\/WhatsApp%20Image%202022-03-28%20at%2019.39.15%20(1).jpeg 2048w, https:\/\/laracchetta.eu\/racchetta\/wp-content\/uploads\/2022\/09\/WhatsApp%20Image%202022-03-28%20at%2019.39.15%20(1)-300x225.jpeg 300w, https:\/\/laracchetta.eu\/racchetta\/wp-content\/uploads\/2022\/09\/WhatsApp%20Image%202022-03-28%20at%2019.39.15%20(1)-1024x768.jpeg 1024w, https:\/\/laracchetta.eu\/racchetta\/wp-content\/uploads\/2022\/09\/WhatsApp%20Image%202022-03-28%20at%2019.39.15%20(1)-768x576.jpeg 768w, https:\/\/laracchetta.eu\/racchetta\/wp-content\/uploads\/2022\/09\/WhatsApp%20Image%202022-03-28%20at%2019.39.15%20(1)-1536x1152.jpeg 1536w, https:\/\/laracchetta.eu\/racchetta\/wp-content\/uploads\/2022\/09\/WhatsApp%20Image%202022-03-28%20at%2019.39.15%20(1)-750x563.jpeg 750w, https:\/\/laracchetta.eu\/racchetta\/wp-content\/uploads\/2022\/09\/WhatsApp%20Image%202022-03-28%20at%2019.39.15%20(1)-400x300.jpeg 400w, https:\/\/laracchetta.eu\/racchetta\/wp-content\/uploads\/2022\/09\/WhatsApp%20Image%202022-03-28%20at%2019.39.15%20(1)-430x323.jpeg 430w, https:\/\/laracchetta.eu\/racchetta\/wp-content\/uploads\/2022\/09\/WhatsApp%20Image%202022-03-28%20at%2019.39.15%20(1)-150x113.jpeg 150w, https:\/\/laracchetta.eu\/racchetta\/wp-content\/uploads\/2022\/09\/WhatsApp%20Image%202022-03-28%20at%2019.39.15%20(1)-100x75.jpeg 100w\" sizes=\"auto, (max-width: 2048px) 100vw, 2048px\" \/><\/figure>\n                  ","protected":false},"excerpt":{"rendered":"<p>Incendio Di Vegetazione loc. Cascina &#8211; Cascina (PI). Alle ore 12:04 di oggi, Venerd\u00ec 23 Settembre 2022 \u00e8 scoppiato un incendio di vegetazione in localit\u00e0 Cascina nel comune di Cascina. [&hellip;]<\/p>\n","protected":false},"author":1,"featured_media":2195,"comment_status":"open","ping_status":"open","sticky":false,"template":"","format":"standard","meta":{"footnotes":""},"categories":[12],"tags":[],"class_list":["post-2194","post","type-post","status-publish","format-standard","has-post-thumbnail","hentry","category-incendio"],"yoast_head":"<!-- This site is optimized with the Yoast SEO plugin v25.0 - https:\/\/yoast.com\/wordpress\/plugins\/seo\/ -->\n<title>Incendi in Corso 23\/09\/2022 - La Racchetta ODV<\/title>\n<meta name=\"robots\" content=\"index, follow, max-snippet:-1, max-image-preview:large, max-video-preview:-1\" \/>\n<link rel=\"canonical\" href=\"https:\/\/laracchetta.eu\/racchetta\/?p=2194\" \/>\n<meta property=\"og:locale\" content=\"it_IT\" \/>\n<meta property=\"og:type\" content=\"article\" \/>\n<meta property=\"og:title\" content=\"Incendi in Corso 23\/09\/2022 - La Racchetta ODV\" \/>\n<meta property=\"og:description\" content=\"Incendio Di Vegetazione loc. Cascina &#8211; Cascina (PI). Alle ore 12:04 di oggi, Venerd\u00ec 23 Settembre 2022 \u00e8 scoppiato un incendio di vegetazione in localit\u00e0 Cascina nel comune di Cascina. [&hellip;]\" \/>\n<meta property=\"og:url\" content=\"https:\/\/laracchetta.eu\/racchetta\/?p=2194\" \/>\n<meta property=\"og:site_name\" content=\"La Racchetta ODV\" \/>\n<meta property=\"article:publisher\" content=\"https:\/\/www.facebook.com\/LaRacchettaODV\" \/>\n<meta property=\"article:published_time\" content=\"2022-09-23T14:31:02+00:00\" \/>\n<meta property=\"article:modified_time\" content=\"2022-09-23T16:30:03+00:00\" \/>\n<meta property=\"og:image\" content=\"https:\/\/laracchetta.eu\/racchetta\/wp-content\/uploads\/2022\/09\/WhatsApp%20Image%202022-03-28%20at%2019.39.15%20(1).jpeg\" \/>\n\t<meta property=\"og:image:width\" content=\"2048\" \/>\n\t<meta property=\"og:image:height\" content=\"1536\" \/>\n\t<meta property=\"og:image:type\" content=\"image\/jpeg\" \/>\n<meta name=\"author\" content=\"Niccolo_Gori\" \/>\n<meta name=\"twitter:card\" content=\"summary_large_image\" \/>\n<meta name=\"twitter:label1\" content=\"Scritto da\" \/>\n\t<meta name=\"twitter:data1\" content=\"Niccolo_Gori\" \/>\n<script type=\"application\/ld+json\" class=\"yoast-schema-graph\">{\"@context\":\"https:\/\/schema.org\",\"@graph\":[{\"@type\":\"Article\",\"@id\":\"https:\/\/laracchetta.eu\/racchetta\/?p=2194#article\",\"isPartOf\":{\"@id\":\"https:\/\/laracchetta.eu\/racchetta\/?p=2194\"},\"author\":{\"name\":\"Niccolo_Gori\",\"@id\":\"https:\/\/laracchetta.eu\/racchetta\/#\/schema\/person\/0afcba71d540560eec3f24de9152e06d\"},\"headline\":\"Incendi in Corso 23\/09\/2022\",\"datePublished\":\"2022-09-23T14:31:02+00:00\",\"dateModified\":\"2022-09-23T16:30:03+00:00\",\"mainEntityOfPage\":{\"@id\":\"https:\/\/laracchetta.eu\/racchetta\/?p=2194\"},\"wordCount\":101,\"commentCount\":0,\"publisher\":{\"@id\":\"https:\/\/laracchetta.eu\/racchetta\/#organization\"},\"image\":{\"@id\":\"https:\/\/laracchetta.eu\/racchetta\/?p=2194#primaryimage\"},\"thumbnailUrl\":\"https:\/\/laracchetta.eu\/racchetta\/wp-content\/uploads\/2022\/09\/WhatsApp Image 2022-03-28 at 19.39.15 (1).jpeg\",\"articleSection\":[\"Incendio\"],\"inLanguage\":\"it-IT\",\"potentialAction\":[{\"@type\":\"CommentAction\",\"name\":\"Comment\",\"target\":[\"https:\/\/laracchetta.eu\/racchetta\/?p=2194#respond\"]}]},{\"@type\":\"WebPage\",\"@id\":\"https:\/\/laracchetta.eu\/racchetta\/?p=2194\",\"url\":\"https:\/\/laracchetta.eu\/racchetta\/?p=2194\",\"name\":\"Incendi in Corso 23\/09\/2022 - La Racchetta ODV\",\"isPartOf\":{\"@id\":\"https:\/\/laracchetta.eu\/racchetta\/#website\"},\"primaryImageOfPage\":{\"@id\":\"https:\/\/laracchetta.eu\/racchetta\/?p=2194#primaryimage\"},\"image\":{\"@id\":\"https:\/\/laracchetta.eu\/racchetta\/?p=2194#primaryimage\"},\"thumbnailUrl\":\"https:\/\/laracchetta.eu\/racchetta\/wp-content\/uploads\/2022\/09\/WhatsApp Image 2022-03-28 at 19.39.15 (1).jpeg\",\"datePublished\":\"2022-09-23T14:31:02+00:00\",\"dateModified\":\"2022-09-23T16:30:03+00:00\",\"breadcrumb\":{\"@id\":\"https:\/\/laracchetta.eu\/racchetta\/?p=2194#breadcrumb\"},\"inLanguage\":\"it-IT\",\"potentialAction\":[{\"@type\":\"ReadAction\",\"target\":[\"https:\/\/laracchetta.eu\/racchetta\/?p=2194\"]}]},{\"@type\":\"ImageObject\",\"inLanguage\":\"it-IT\",\"@id\":\"https:\/\/laracchetta.eu\/racchetta\/?p=2194#primaryimage\",\"url\":\"https:\/\/laracchetta.eu\/racchetta\/wp-content\/uploads\/2022\/09\/WhatsApp Image 2022-03-28 at 19.39.15 (1).jpeg\",\"contentUrl\":\"https:\/\/laracchetta.eu\/racchetta\/wp-content\/uploads\/2022\/09\/WhatsApp Image 2022-03-28 at 19.39.15 (1).jpeg\",\"width\":2048,\"height\":1536},{\"@type\":\"BreadcrumbList\",\"@id\":\"https:\/\/laracchetta.eu\/racchetta\/?p=2194#breadcrumb\",\"itemListElement\":[{\"@type\":\"ListItem\",\"position\":1,\"name\":\"Home\",\"item\":\"https:\/\/laracchetta.eu\/racchetta\/\"},{\"@type\":\"ListItem\",\"position\":2,\"name\":\"Incendi in Corso 23\/09\/2022\"}]},{\"@type\":\"WebSite\",\"@id\":\"https:\/\/laracchetta.eu\/racchetta\/#website\",\"url\":\"https:\/\/laracchetta.eu\/racchetta\/\",\"name\":\"La Racchetta ODV\",\"description\":\"Organizzazione di Volontariato - Antincendio Boschivo e Protezione Civile\",\"publisher\":{\"@id\":\"https:\/\/laracchetta.eu\/racchetta\/#organization\"},\"potentialAction\":[{\"@type\":\"SearchAction\",\"target\":{\"@type\":\"EntryPoint\",\"urlTemplate\":\"https:\/\/laracchetta.eu\/racchetta\/?s={search_term_string}\"},\"query-input\":{\"@type\":\"PropertyValueSpecification\",\"valueRequired\":true,\"valueName\":\"search_term_string\"}}],\"inLanguage\":\"it-IT\"},{\"@type\":\"Organization\",\"@id\":\"https:\/\/laracchetta.eu\/racchetta\/#organization\",\"name\":\"La Racchetta Odv\",\"url\":\"https:\/\/laracchetta.eu\/racchetta\/\",\"logo\":{\"@type\":\"ImageObject\",\"inLanguage\":\"it-IT\",\"@id\":\"https:\/\/laracchetta.eu\/racchetta\/#\/schema\/logo\/image\/\",\"url\":\"https:\/\/i0.wp.com\/laracchetta.eu\/racchetta\/wp-content\/uploads\/2017\/01\/logo-racchetta.png?fit=2237%2C2159&ssl=1\",\"contentUrl\":\"https:\/\/i0.wp.com\/laracchetta.eu\/racchetta\/wp-content\/uploads\/2017\/01\/logo-racchetta.png?fit=2237%2C2159&ssl=1\",\"width\":2237,\"height\":2159,\"caption\":\"La Racchetta Odv\"},\"image\":{\"@id\":\"https:\/\/laracchetta.eu\/racchetta\/#\/schema\/logo\/image\/\"},\"sameAs\":[\"https:\/\/www.facebook.com\/LaRacchettaODV\",\"https:\/\/www.instagram.com\/laracchettaodv\/\"]},{\"@type\":\"Person\",\"@id\":\"https:\/\/laracchetta.eu\/racchetta\/#\/schema\/person\/0afcba71d540560eec3f24de9152e06d\",\"name\":\"Niccolo_Gori\",\"image\":{\"@type\":\"ImageObject\",\"inLanguage\":\"it-IT\",\"@id\":\"https:\/\/laracchetta.eu\/racchetta\/#\/schema\/person\/image\/\",\"url\":\"https:\/\/secure.gravatar.com\/avatar\/52e1612cd6f6d2531b195755517139329fe0864e6748c7b5b2d846cbe836fcf5?s=96&d=mm&r=g\",\"contentUrl\":\"https:\/\/secure.gravatar.com\/avatar\/52e1612cd6f6d2531b195755517139329fe0864e6748c7b5b2d846cbe836fcf5?s=96&d=mm&r=g\",\"caption\":\"Niccolo_Gori\"},\"url\":\"https:\/\/laracchetta.eu\/racchetta\/?author=1\"}]}<\/script>\n<!-- \/ Yoast SEO plugin. -->","yoast_head_json":{"title":"Incendi in Corso 23\/09\/2022 - La Racchetta ODV","robots":{"index":"index","follow":"follow","max-snippet":"max-snippet:-1","max-image-preview":"max-image-preview:large","max-video-preview":"max-video-preview:-1"},"canonical":"https:\/\/laracchetta.eu\/racchetta\/?p=2194","og_locale":"it_IT","og_type":"article","og_title":"Incendi in Corso 23\/09\/2022 - La Racchetta ODV","og_description":"Incendio Di Vegetazione loc. Cascina &#8211; Cascina (PI). Alle ore 12:04 di oggi, Venerd\u00ec 23 Settembre 2022 \u00e8 scoppiato un incendio di vegetazione in localit\u00e0 Cascina nel comune di Cascina. [&hellip;]","og_url":"https:\/\/laracchetta.eu\/racchetta\/?p=2194","og_site_name":"La Racchetta ODV","article_publisher":"https:\/\/www.facebook.com\/LaRacchettaODV","article_published_time":"2022-09-23T14:31:02+00:00","article_modified_time":"2022-09-23T16:30:03+00:00","og_image":[{"width":2048,"height":1536,"url":"https:\/\/laracchetta.eu\/racchetta\/wp-content\/uploads\/2022\/09\/WhatsApp Image 2022-03-28 at 19.39.15 (1).jpeg","type":"image\/jpeg"}],"author":"Niccolo_Gori","twitter_card":"summary_large_image","twitter_misc":{"Scritto da":"Niccolo_Gori"},"schema":{"@context":"https:\/\/schema.org","@graph":[{"@type":"Article","@id":"https:\/\/laracchetta.eu\/racchetta\/?p=2194#article","isPartOf":{"@id":"https:\/\/laracchetta.eu\/racchetta\/?p=2194"},"author":{"name":"Niccolo_Gori","@id":"https:\/\/laracchetta.eu\/racchetta\/#\/schema\/person\/0afcba71d540560eec3f24de9152e06d"},"headline":"Incendi in Corso 23\/09\/2022","datePublished":"2022-09-23T14:31:02+00:00","dateModified":"2022-09-23T16:30:03+00:00","mainEntityOfPage":{"@id":"https:\/\/laracchetta.eu\/racchetta\/?p=2194"},"wordCount":101,"commentCount":0,"publisher":{"@id":"https:\/\/laracchetta.eu\/racchetta\/#organization"},"image":{"@id":"https:\/\/laracchetta.eu\/racchetta\/?p=2194#primaryimage"},"thumbnailUrl":"https:\/\/laracchetta.eu\/racchetta\/wp-content\/uploads\/2022\/09\/WhatsApp Image 2022-03-28 at 19.39.15 (1).jpeg","articleSection":["Incendio"],"inLanguage":"it-IT","potentialAction":[{"@type":"CommentAction","name":"Comment","target":["https:\/\/laracchetta.eu\/racchetta\/?p=2194#respond"]}]},{"@type":"WebPage","@id":"https:\/\/laracchetta.eu\/racchetta\/?p=2194","url":"https:\/\/laracchetta.eu\/racchetta\/?p=2194","name":"Incendi in Corso 23\/09\/2022 - La Racchetta ODV","isPartOf":{"@id":"https:\/\/laracchetta.eu\/racchetta\/#website"},"primaryImageOfPage":{"@id":"https:\/\/laracchetta.eu\/racchetta\/?p=2194#primaryimage"},"image":{"@id":"https:\/\/laracchetta.eu\/racchetta\/?p=2194#primaryimage"},"thumbnailUrl":"https:\/\/laracchetta.eu\/racchetta\/wp-content\/uploads\/2022\/09\/WhatsApp Image 2022-03-28 at 19.39.15 (1).jpeg","datePublished":"2022-09-23T14:31:02+00:00","dateModified":"2022-09-23T16:30:03+00:00","breadcrumb":{"@id":"https:\/\/laracchetta.eu\/racchetta\/?p=2194#breadcrumb"},"inLanguage":"it-IT","potentialAction":[{"@type":"ReadAction","target":["https:\/\/laracchetta.eu\/racchetta\/?p=2194"]}]},{"@type":"ImageObject","inLanguage":"it-IT","@id":"https:\/\/laracchetta.eu\/racchetta\/?p=2194#primaryimage","url":"https:\/\/laracchetta.eu\/racchetta\/wp-content\/uploads\/2022\/09\/WhatsApp Image 2022-03-28 at 19.39.15 (1).jpeg","contentUrl":"https:\/\/laracchetta.eu\/racchetta\/wp-content\/uploads\/2022\/09\/WhatsApp Image 2022-03-28 at 19.39.15 (1).jpeg","width":2048,"height":1536},{"@type":"BreadcrumbList","@id":"https:\/\/laracchetta.eu\/racchetta\/?p=2194#breadcrumb","itemListElement":[{"@type":"ListItem","position":1,"name":"Home","item":"https:\/\/laracchetta.eu\/racchetta\/"},{"@type":"ListItem","position":2,"name":"Incendi in Corso 23\/09\/2022"}]},{"@type":"WebSite","@id":"https:\/\/laracchetta.eu\/racchetta\/#website","url":"https:\/\/laracchetta.eu\/racchetta\/","name":"La Racchetta ODV","description":"Organizzazione di Volontariato - Antincendio Boschivo e Protezione Civile","publisher":{"@id":"https:\/\/laracchetta.eu\/racchetta\/#organization"},"potentialAction":[{"@type":"SearchAction","target":{"@type":"EntryPoint","urlTemplate":"https:\/\/laracchetta.eu\/racchetta\/?s={search_term_string}"},"query-input":{"@type":"PropertyValueSpecification","valueRequired":true,"valueName":"search_term_string"}}],"inLanguage":"it-IT"},{"@type":"Organization","@id":"https:\/\/laracchetta.eu\/racchetta\/#organization","name":"La Racchetta Odv","url":"https:\/\/laracchetta.eu\/racchetta\/","logo":{"@type":"ImageObject","inLanguage":"it-IT","@id":"https:\/\/laracchetta.eu\/racchetta\/#\/schema\/logo\/image\/","url":"https:\/\/i0.wp.com\/laracchetta.eu\/racchetta\/wp-content\/uploads\/2017\/01\/logo-racchetta.png?fit=2237%2C2159&ssl=1","contentUrl":"https:\/\/i0.wp.com\/laracchetta.eu\/racchetta\/wp-content\/uploads\/2017\/01\/logo-racchetta.png?fit=2237%2C2159&ssl=1","width":2237,"height":2159,"caption":"La Racchetta Odv"},"image":{"@id":"https:\/\/laracchetta.eu\/racchetta\/#\/schema\/logo\/image\/"},"sameAs":["https:\/\/www.facebook.com\/LaRacchettaODV","https:\/\/www.instagram.com\/laracchettaodv\/"]},{"@type":"Person","@id":"https:\/\/laracchetta.eu\/racchetta\/#\/schema\/person\/0afcba71d540560eec3f24de9152e06d","name":"Niccolo_Gori","image":{"@type":"ImageObject","inLanguage":"it-IT","@id":"https:\/\/laracchetta.eu\/racchetta\/#\/schema\/person\/image\/","url":"https:\/\/secure.gravatar.com\/avatar\/52e1612cd6f6d2531b195755517139329fe0864e6748c7b5b2d846cbe836fcf5?s=96&d=mm&r=g","contentUrl":"https:\/\/secure.gravatar.com\/avatar\/52e1612cd6f6d2531b195755517139329fe0864e6748c7b5b2d846cbe836fcf5?s=96&d=mm&r=g","caption":"Niccolo_Gori"},"url":"https:\/\/laracchetta.eu\/racchetta\/?author=1"}]}},"jetpack_featured_media_url":"https:\/\/laracchetta.eu\/racchetta\/wp-content\/uploads\/2022\/09\/WhatsApp Image 2022-03-28 at 19.39.15 (1).jpeg","_links":{"self":[{"href":"https:\/\/laracchetta.eu\/racchetta\/index.php?rest_route=\/wp\/v2\/posts\/2194","targetHints":{"allow":["GET"]}}],"collection":[{"href":"https:\/\/laracchetta.eu\/racchetta\/index.php?rest_route=\/wp\/v2\/posts"}],"about":[{"href":"https:\/\/laracchetta.eu\/racchetta\/index.php?rest_route=\/wp\/v2\/types\/post"}],"author":[{"embeddable":true,"href":"https:\/\/laracchetta.eu\/racchetta\/index.php?rest_route=\/wp\/v2\/users\/1"}],"replies":[{"embeddable":true,"href":"https:\/\/laracchetta.eu\/racchetta\/index.php?rest_route=%2Fwp%2Fv2%2Fcomments&post=2194"}],"version-history":[{"count":1,"href":"https:\/\/laracchetta.eu\/racchetta\/index.php?rest_route=\/wp\/v2\/posts\/2194\/revisions"}],"predecessor-version":[{"id":2196,"href":"https:\/\/laracchetta.eu\/racchetta\/index.php?rest_route=\/wp\/v2\/posts\/2194\/revisions\/2196"}],"wp:featuredmedia":[{"embeddable":true,"href":"https:\/\/laracchetta.eu\/racchetta\/index.php?rest_route=\/wp\/v2\/media\/2195"}],"wp:attachment":[{"href":"https:\/\/laracchetta.eu\/racchetta\/index.php?rest_route=%2Fwp%2Fv2%2Fmedia&parent=2194"}],"wp:term":[{"taxonomy":"category","embeddable":true,"href":"https:\/\/laracchetta.eu\/racchetta\/index.php?rest_route=%2Fwp%2Fv2%2Fcategories&post=2194"},{"taxonomy":"post_tag","embeddable":true,"href":"https:\/\/laracchetta.eu\/racchetta\/index.php?rest_route=%2Fwp%2Fv2%2Ftags&post=2194"}],"curies":[{"name":"wp","href":"https:\/\/api.w.org\/{rel}","templated":true}]}}