{"id":2185,"date":"2022-09-20T16:31:02","date_gmt":"2022-09-20T14:31:02","guid":{"rendered":"https:\/\/laracchetta.eu\/racchetta\/2022\/09\/20\/incendi-in-corso-20-09-2022\/"},"modified":"2022-09-20T18:30:02","modified_gmt":"2022-09-20T16:30:02","slug":"incendi-in-corso-20-09-2022","status":"publish","type":"post","link":"https:\/\/laracchetta.eu\/racchetta\/?p=2185","title":{"rendered":"Incendi in Corso 20\/09\/2022"},"content":{"rendered":"<h4>Incendio Boschivo loc. Carignano &#8211; Lucca (LU).<br><br> Alle ore 17:04 di oggi, Marted\u00ec 20 Settembre 2022 \u00e8 scoppiato un incendio boschivo in localit\u00e0 Carignano nel comune di Lucca. Sono intervenute squadre Racchetta dalle sezioni di Vorno. Inoltre sono intervenute squadre Comune Di Lucca, Vvf Comando Provinciale Vvf Lucca Centrale. Sono bruciati 1,0000 ettari di Bosco. <\/h4><br><h4>Incendio Boschivo loc. Vorno &#8211; Capannori (LU).<br><br> Alle ore 12:49 di oggi, Marted\u00ec 20 Settembre 2022 \u00e8 scoppiato un incendio boschivo in localit\u00e0 Vorno nel comune di Capannori. Sono intervenute squadre Racchetta dalle sezioni di Vorno. Inoltre sono intervenute squadre Comune Di Lucca, Vvf Comando Provinciale Vvf Lucca Centrale. <\/h4><br><h4> #laracchettaodv #incendioaib #RegioneToscana #prontiapartire<\/h4><h4> 18:30 20\/09\/2022<\/h4>\n                  <figure class=\"wp-block-image size-large\"><img loading=\"lazy\" decoding=\"async\" width=\"1600\" height=\"900\" src=\"https:\/\/laracchetta.eu\/racchetta\/wp-content\/uploads\/2022\/09\/WhatsApp Image 2022-08-12 at 11.40.12.jpeg\" alt=\"\" class=\"wp-image-2186\" srcset=\"https:\/\/laracchetta.eu\/racchetta\/wp-content\/uploads\/2022\/09\/WhatsApp%20Image%202022-08-12%20at%2011.40.12.jpeg 1600w, https:\/\/laracchetta.eu\/racchetta\/wp-content\/uploads\/2022\/09\/WhatsApp%20Image%202022-08-12%20at%2011.40.12-300x169.jpeg 300w, https:\/\/laracchetta.eu\/racchetta\/wp-content\/uploads\/2022\/09\/WhatsApp%20Image%202022-08-12%20at%2011.40.12-1024x576.jpeg 1024w, https:\/\/laracchetta.eu\/racchetta\/wp-content\/uploads\/2022\/09\/WhatsApp%20Image%202022-08-12%20at%2011.40.12-768x432.jpeg 768w, https:\/\/laracchetta.eu\/racchetta\/wp-content\/uploads\/2022\/09\/WhatsApp%20Image%202022-08-12%20at%2011.40.12-1536x864.jpeg 1536w, https:\/\/laracchetta.eu\/racchetta\/wp-content\/uploads\/2022\/09\/WhatsApp%20Image%202022-08-12%20at%2011.40.12-750x422.jpeg 750w, https:\/\/laracchetta.eu\/racchetta\/wp-content\/uploads\/2022\/09\/WhatsApp%20Image%202022-08-12%20at%2011.40.12-400x225.jpeg 400w, https:\/\/laracchetta.eu\/racchetta\/wp-content\/uploads\/2022\/09\/WhatsApp%20Image%202022-08-12%20at%2011.40.12-430x242.jpeg 430w, https:\/\/laracchetta.eu\/racchetta\/wp-content\/uploads\/2022\/09\/WhatsApp%20Image%202022-08-12%20at%2011.40.12-150x84.jpeg 150w, https:\/\/laracchetta.eu\/racchetta\/wp-content\/uploads\/2022\/09\/WhatsApp%20Image%202022-08-12%20at%2011.40.12-100x56.jpeg 100w\" sizes=\"auto, (max-width: 1600px) 100vw, 1600px\" \/><\/figure>\n                  ","protected":false},"excerpt":{"rendered":"<p>Incendio Boschivo loc. Carignano &#8211; Lucca (LU). Alle ore 17:04 di oggi, Marted\u00ec 20 Settembre 2022 \u00e8 scoppiato un incendio boschivo in localit\u00e0 Carignano nel comune di Lucca. Sono intervenute [&hellip;]<\/p>\n","protected":false},"author":1,"featured_media":2186,"comment_status":"open","ping_status":"open","sticky":false,"template":"","format":"standard","meta":{"footnotes":""},"categories":[12],"tags":[],"class_list":["post-2185","post","type-post","status-publish","format-standard","has-post-thumbnail","hentry","category-incendio"],"yoast_head":"<!-- This site is optimized with the Yoast SEO plugin v25.0 - https:\/\/yoast.com\/wordpress\/plugins\/seo\/ -->\n<title>Incendi in Corso 20\/09\/2022 - La Racchetta ODV<\/title>\n<meta name=\"robots\" content=\"index, follow, max-snippet:-1, max-image-preview:large, max-video-preview:-1\" \/>\n<link rel=\"canonical\" href=\"https:\/\/laracchetta.eu\/racchetta\/?p=2185\" \/>\n<meta property=\"og:locale\" content=\"it_IT\" \/>\n<meta property=\"og:type\" content=\"article\" \/>\n<meta property=\"og:title\" content=\"Incendi in Corso 20\/09\/2022 - La Racchetta ODV\" \/>\n<meta property=\"og:description\" content=\"Incendio Boschivo loc. Carignano &#8211; Lucca (LU). Alle ore 17:04 di oggi, Marted\u00ec 20 Settembre 2022 \u00e8 scoppiato un incendio boschivo in localit\u00e0 Carignano nel comune di Lucca. Sono intervenute [&hellip;]\" \/>\n<meta property=\"og:url\" content=\"https:\/\/laracchetta.eu\/racchetta\/?p=2185\" \/>\n<meta property=\"og:site_name\" content=\"La Racchetta ODV\" \/>\n<meta property=\"article:publisher\" content=\"https:\/\/www.facebook.com\/LaRacchettaODV\" \/>\n<meta property=\"article:published_time\" content=\"2022-09-20T14:31:02+00:00\" \/>\n<meta property=\"article:modified_time\" content=\"2022-09-20T16:30:02+00:00\" \/>\n<meta property=\"og:image\" content=\"https:\/\/laracchetta.eu\/racchetta\/wp-content\/uploads\/2022\/09\/WhatsApp%20Image%202022-08-12%20at%2011.40.12.jpeg\" \/>\n\t<meta property=\"og:image:width\" content=\"1600\" \/>\n\t<meta property=\"og:image:height\" content=\"900\" \/>\n\t<meta property=\"og:image:type\" content=\"image\/jpeg\" \/>\n<meta name=\"author\" content=\"Niccolo_Gori\" \/>\n<meta name=\"twitter:card\" content=\"summary_large_image\" \/>\n<meta name=\"twitter:label1\" content=\"Scritto da\" \/>\n\t<meta name=\"twitter:data1\" content=\"Niccolo_Gori\" \/>\n<script type=\"application\/ld+json\" class=\"yoast-schema-graph\">{\"@context\":\"https:\/\/schema.org\",\"@graph\":[{\"@type\":\"Article\",\"@id\":\"https:\/\/laracchetta.eu\/racchetta\/?p=2185#article\",\"isPartOf\":{\"@id\":\"https:\/\/laracchetta.eu\/racchetta\/?p=2185\"},\"author\":{\"name\":\"Niccolo_Gori\",\"@id\":\"https:\/\/laracchetta.eu\/racchetta\/#\/schema\/person\/0afcba71d540560eec3f24de9152e06d\"},\"headline\":\"Incendi in Corso 20\/09\/2022\",\"datePublished\":\"2022-09-20T14:31:02+00:00\",\"dateModified\":\"2022-09-20T16:30:02+00:00\",\"mainEntityOfPage\":{\"@id\":\"https:\/\/laracchetta.eu\/racchetta\/?p=2185\"},\"wordCount\":102,\"commentCount\":0,\"publisher\":{\"@id\":\"https:\/\/laracchetta.eu\/racchetta\/#organization\"},\"image\":{\"@id\":\"https:\/\/laracchetta.eu\/racchetta\/?p=2185#primaryimage\"},\"thumbnailUrl\":\"https:\/\/laracchetta.eu\/racchetta\/wp-content\/uploads\/2022\/09\/WhatsApp Image 2022-08-12 at 11.40.12.jpeg\",\"articleSection\":[\"Incendio\"],\"inLanguage\":\"it-IT\",\"potentialAction\":[{\"@type\":\"CommentAction\",\"name\":\"Comment\",\"target\":[\"https:\/\/laracchetta.eu\/racchetta\/?p=2185#respond\"]}]},{\"@type\":\"WebPage\",\"@id\":\"https:\/\/laracchetta.eu\/racchetta\/?p=2185\",\"url\":\"https:\/\/laracchetta.eu\/racchetta\/?p=2185\",\"name\":\"Incendi in Corso 20\/09\/2022 - La Racchetta ODV\",\"isPartOf\":{\"@id\":\"https:\/\/laracchetta.eu\/racchetta\/#website\"},\"primaryImageOfPage\":{\"@id\":\"https:\/\/laracchetta.eu\/racchetta\/?p=2185#primaryimage\"},\"image\":{\"@id\":\"https:\/\/laracchetta.eu\/racchetta\/?p=2185#primaryimage\"},\"thumbnailUrl\":\"https:\/\/laracchetta.eu\/racchetta\/wp-content\/uploads\/2022\/09\/WhatsApp Image 2022-08-12 at 11.40.12.jpeg\",\"datePublished\":\"2022-09-20T14:31:02+00:00\",\"dateModified\":\"2022-09-20T16:30:02+00:00\",\"breadcrumb\":{\"@id\":\"https:\/\/laracchetta.eu\/racchetta\/?p=2185#breadcrumb\"},\"inLanguage\":\"it-IT\",\"potentialAction\":[{\"@type\":\"ReadAction\",\"target\":[\"https:\/\/laracchetta.eu\/racchetta\/?p=2185\"]}]},{\"@type\":\"ImageObject\",\"inLanguage\":\"it-IT\",\"@id\":\"https:\/\/laracchetta.eu\/racchetta\/?p=2185#primaryimage\",\"url\":\"https:\/\/laracchetta.eu\/racchetta\/wp-content\/uploads\/2022\/09\/WhatsApp Image 2022-08-12 at 11.40.12.jpeg\",\"contentUrl\":\"https:\/\/laracchetta.eu\/racchetta\/wp-content\/uploads\/2022\/09\/WhatsApp Image 2022-08-12 at 11.40.12.jpeg\",\"width\":1600,\"height\":900},{\"@type\":\"BreadcrumbList\",\"@id\":\"https:\/\/laracchetta.eu\/racchetta\/?p=2185#breadcrumb\",\"itemListElement\":[{\"@type\":\"ListItem\",\"position\":1,\"name\":\"Home\",\"item\":\"https:\/\/laracchetta.eu\/racchetta\/\"},{\"@type\":\"ListItem\",\"position\":2,\"name\":\"Incendi in Corso 20\/09\/2022\"}]},{\"@type\":\"WebSite\",\"@id\":\"https:\/\/laracchetta.eu\/racchetta\/#website\",\"url\":\"https:\/\/laracchetta.eu\/racchetta\/\",\"name\":\"La Racchetta ODV\",\"description\":\"Organizzazione di Volontariato - Antincendio Boschivo e Protezione Civile\",\"publisher\":{\"@id\":\"https:\/\/laracchetta.eu\/racchetta\/#organization\"},\"potentialAction\":[{\"@type\":\"SearchAction\",\"target\":{\"@type\":\"EntryPoint\",\"urlTemplate\":\"https:\/\/laracchetta.eu\/racchetta\/?s={search_term_string}\"},\"query-input\":{\"@type\":\"PropertyValueSpecification\",\"valueRequired\":true,\"valueName\":\"search_term_string\"}}],\"inLanguage\":\"it-IT\"},{\"@type\":\"Organization\",\"@id\":\"https:\/\/laracchetta.eu\/racchetta\/#organization\",\"name\":\"La Racchetta Odv\",\"url\":\"https:\/\/laracchetta.eu\/racchetta\/\",\"logo\":{\"@type\":\"ImageObject\",\"inLanguage\":\"it-IT\",\"@id\":\"https:\/\/laracchetta.eu\/racchetta\/#\/schema\/logo\/image\/\",\"url\":\"https:\/\/i0.wp.com\/laracchetta.eu\/racchetta\/wp-content\/uploads\/2017\/01\/logo-racchetta.png?fit=2237%2C2159&ssl=1\",\"contentUrl\":\"https:\/\/i0.wp.com\/laracchetta.eu\/racchetta\/wp-content\/uploads\/2017\/01\/logo-racchetta.png?fit=2237%2C2159&ssl=1\",\"width\":2237,\"height\":2159,\"caption\":\"La Racchetta Odv\"},\"image\":{\"@id\":\"https:\/\/laracchetta.eu\/racchetta\/#\/schema\/logo\/image\/\"},\"sameAs\":[\"https:\/\/www.facebook.com\/LaRacchettaODV\",\"https:\/\/www.instagram.com\/laracchettaodv\/\"]},{\"@type\":\"Person\",\"@id\":\"https:\/\/laracchetta.eu\/racchetta\/#\/schema\/person\/0afcba71d540560eec3f24de9152e06d\",\"name\":\"Niccolo_Gori\",\"image\":{\"@type\":\"ImageObject\",\"inLanguage\":\"it-IT\",\"@id\":\"https:\/\/laracchetta.eu\/racchetta\/#\/schema\/person\/image\/\",\"url\":\"https:\/\/secure.gravatar.com\/avatar\/52e1612cd6f6d2531b195755517139329fe0864e6748c7b5b2d846cbe836fcf5?s=96&d=mm&r=g\",\"contentUrl\":\"https:\/\/secure.gravatar.com\/avatar\/52e1612cd6f6d2531b195755517139329fe0864e6748c7b5b2d846cbe836fcf5?s=96&d=mm&r=g\",\"caption\":\"Niccolo_Gori\"},\"url\":\"https:\/\/laracchetta.eu\/racchetta\/?author=1\"}]}<\/script>\n<!-- \/ Yoast SEO plugin. -->","yoast_head_json":{"title":"Incendi in Corso 20\/09\/2022 - La Racchetta ODV","robots":{"index":"index","follow":"follow","max-snippet":"max-snippet:-1","max-image-preview":"max-image-preview:large","max-video-preview":"max-video-preview:-1"},"canonical":"https:\/\/laracchetta.eu\/racchetta\/?p=2185","og_locale":"it_IT","og_type":"article","og_title":"Incendi in Corso 20\/09\/2022 - La Racchetta ODV","og_description":"Incendio Boschivo loc. Carignano &#8211; Lucca (LU). Alle ore 17:04 di oggi, Marted\u00ec 20 Settembre 2022 \u00e8 scoppiato un incendio boschivo in localit\u00e0 Carignano nel comune di Lucca. Sono intervenute [&hellip;]","og_url":"https:\/\/laracchetta.eu\/racchetta\/?p=2185","og_site_name":"La Racchetta ODV","article_publisher":"https:\/\/www.facebook.com\/LaRacchettaODV","article_published_time":"2022-09-20T14:31:02+00:00","article_modified_time":"2022-09-20T16:30:02+00:00","og_image":[{"width":1600,"height":900,"url":"https:\/\/laracchetta.eu\/racchetta\/wp-content\/uploads\/2022\/09\/WhatsApp Image 2022-08-12 at 11.40.12.jpeg","type":"image\/jpeg"}],"author":"Niccolo_Gori","twitter_card":"summary_large_image","twitter_misc":{"Scritto da":"Niccolo_Gori"},"schema":{"@context":"https:\/\/schema.org","@graph":[{"@type":"Article","@id":"https:\/\/laracchetta.eu\/racchetta\/?p=2185#article","isPartOf":{"@id":"https:\/\/laracchetta.eu\/racchetta\/?p=2185"},"author":{"name":"Niccolo_Gori","@id":"https:\/\/laracchetta.eu\/racchetta\/#\/schema\/person\/0afcba71d540560eec3f24de9152e06d"},"headline":"Incendi in Corso 20\/09\/2022","datePublished":"2022-09-20T14:31:02+00:00","dateModified":"2022-09-20T16:30:02+00:00","mainEntityOfPage":{"@id":"https:\/\/laracchetta.eu\/racchetta\/?p=2185"},"wordCount":102,"commentCount":0,"publisher":{"@id":"https:\/\/laracchetta.eu\/racchetta\/#organization"},"image":{"@id":"https:\/\/laracchetta.eu\/racchetta\/?p=2185#primaryimage"},"thumbnailUrl":"https:\/\/laracchetta.eu\/racchetta\/wp-content\/uploads\/2022\/09\/WhatsApp Image 2022-08-12 at 11.40.12.jpeg","articleSection":["Incendio"],"inLanguage":"it-IT","potentialAction":[{"@type":"CommentAction","name":"Comment","target":["https:\/\/laracchetta.eu\/racchetta\/?p=2185#respond"]}]},{"@type":"WebPage","@id":"https:\/\/laracchetta.eu\/racchetta\/?p=2185","url":"https:\/\/laracchetta.eu\/racchetta\/?p=2185","name":"Incendi in Corso 20\/09\/2022 - La Racchetta ODV","isPartOf":{"@id":"https:\/\/laracchetta.eu\/racchetta\/#website"},"primaryImageOfPage":{"@id":"https:\/\/laracchetta.eu\/racchetta\/?p=2185#primaryimage"},"image":{"@id":"https:\/\/laracchetta.eu\/racchetta\/?p=2185#primaryimage"},"thumbnailUrl":"https:\/\/laracchetta.eu\/racchetta\/wp-content\/uploads\/2022\/09\/WhatsApp Image 2022-08-12 at 11.40.12.jpeg","datePublished":"2022-09-20T14:31:02+00:00","dateModified":"2022-09-20T16:30:02+00:00","breadcrumb":{"@id":"https:\/\/laracchetta.eu\/racchetta\/?p=2185#breadcrumb"},"inLanguage":"it-IT","potentialAction":[{"@type":"ReadAction","target":["https:\/\/laracchetta.eu\/racchetta\/?p=2185"]}]},{"@type":"ImageObject","inLanguage":"it-IT","@id":"https:\/\/laracchetta.eu\/racchetta\/?p=2185#primaryimage","url":"https:\/\/laracchetta.eu\/racchetta\/wp-content\/uploads\/2022\/09\/WhatsApp Image 2022-08-12 at 11.40.12.jpeg","contentUrl":"https:\/\/laracchetta.eu\/racchetta\/wp-content\/uploads\/2022\/09\/WhatsApp Image 2022-08-12 at 11.40.12.jpeg","width":1600,"height":900},{"@type":"BreadcrumbList","@id":"https:\/\/laracchetta.eu\/racchetta\/?p=2185#breadcrumb","itemListElement":[{"@type":"ListItem","position":1,"name":"Home","item":"https:\/\/laracchetta.eu\/racchetta\/"},{"@type":"ListItem","position":2,"name":"Incendi in Corso 20\/09\/2022"}]},{"@type":"WebSite","@id":"https:\/\/laracchetta.eu\/racchetta\/#website","url":"https:\/\/laracchetta.eu\/racchetta\/","name":"La Racchetta ODV","description":"Organizzazione di Volontariato - Antincendio Boschivo e Protezione Civile","publisher":{"@id":"https:\/\/laracchetta.eu\/racchetta\/#organization"},"potentialAction":[{"@type":"SearchAction","target":{"@type":"EntryPoint","urlTemplate":"https:\/\/laracchetta.eu\/racchetta\/?s={search_term_string}"},"query-input":{"@type":"PropertyValueSpecification","valueRequired":true,"valueName":"search_term_string"}}],"inLanguage":"it-IT"},{"@type":"Organization","@id":"https:\/\/laracchetta.eu\/racchetta\/#organization","name":"La Racchetta Odv","url":"https:\/\/laracchetta.eu\/racchetta\/","logo":{"@type":"ImageObject","inLanguage":"it-IT","@id":"https:\/\/laracchetta.eu\/racchetta\/#\/schema\/logo\/image\/","url":"https:\/\/i0.wp.com\/laracchetta.eu\/racchetta\/wp-content\/uploads\/2017\/01\/logo-racchetta.png?fit=2237%2C2159&ssl=1","contentUrl":"https:\/\/i0.wp.com\/laracchetta.eu\/racchetta\/wp-content\/uploads\/2017\/01\/logo-racchetta.png?fit=2237%2C2159&ssl=1","width":2237,"height":2159,"caption":"La Racchetta Odv"},"image":{"@id":"https:\/\/laracchetta.eu\/racchetta\/#\/schema\/logo\/image\/"},"sameAs":["https:\/\/www.facebook.com\/LaRacchettaODV","https:\/\/www.instagram.com\/laracchettaodv\/"]},{"@type":"Person","@id":"https:\/\/laracchetta.eu\/racchetta\/#\/schema\/person\/0afcba71d540560eec3f24de9152e06d","name":"Niccolo_Gori","image":{"@type":"ImageObject","inLanguage":"it-IT","@id":"https:\/\/laracchetta.eu\/racchetta\/#\/schema\/person\/image\/","url":"https:\/\/secure.gravatar.com\/avatar\/52e1612cd6f6d2531b195755517139329fe0864e6748c7b5b2d846cbe836fcf5?s=96&d=mm&r=g","contentUrl":"https:\/\/secure.gravatar.com\/avatar\/52e1612cd6f6d2531b195755517139329fe0864e6748c7b5b2d846cbe836fcf5?s=96&d=mm&r=g","caption":"Niccolo_Gori"},"url":"https:\/\/laracchetta.eu\/racchetta\/?author=1"}]}},"jetpack_featured_media_url":"https:\/\/laracchetta.eu\/racchetta\/wp-content\/uploads\/2022\/09\/WhatsApp Image 2022-08-12 at 11.40.12.jpeg","_links":{"self":[{"href":"https:\/\/laracchetta.eu\/racchetta\/index.php?rest_route=\/wp\/v2\/posts\/2185","targetHints":{"allow":["GET"]}}],"collection":[{"href":"https:\/\/laracchetta.eu\/racchetta\/index.php?rest_route=\/wp\/v2\/posts"}],"about":[{"href":"https:\/\/laracchetta.eu\/racchetta\/index.php?rest_route=\/wp\/v2\/types\/post"}],"author":[{"embeddable":true,"href":"https:\/\/laracchetta.eu\/racchetta\/index.php?rest_route=\/wp\/v2\/users\/1"}],"replies":[{"embeddable":true,"href":"https:\/\/laracchetta.eu\/racchetta\/index.php?rest_route=%2Fwp%2Fv2%2Fcomments&post=2185"}],"version-history":[{"count":1,"href":"https:\/\/laracchetta.eu\/racchetta\/index.php?rest_route=\/wp\/v2\/posts\/2185\/revisions"}],"predecessor-version":[{"id":2187,"href":"https:\/\/laracchetta.eu\/racchetta\/index.php?rest_route=\/wp\/v2\/posts\/2185\/revisions\/2187"}],"wp:featuredmedia":[{"embeddable":true,"href":"https:\/\/laracchetta.eu\/racchetta\/index.php?rest_route=\/wp\/v2\/media\/2186"}],"wp:attachment":[{"href":"https:\/\/laracchetta.eu\/racchetta\/index.php?rest_route=%2Fwp%2Fv2%2Fmedia&parent=2185"}],"wp:term":[{"taxonomy":"category","embeddable":true,"href":"https:\/\/laracchetta.eu\/racchetta\/index.php?rest_route=%2Fwp%2Fv2%2Fcategories&post=2185"},{"taxonomy":"post_tag","embeddable":true,"href":"https:\/\/laracchetta.eu\/racchetta\/index.php?rest_route=%2Fwp%2Fv2%2Ftags&post=2185"}],"curies":[{"name":"wp","href":"https:\/\/api.w.org\/{rel}","templated":true}]}}