{"id":2003,"date":"2022-04-11T19:10:40","date_gmt":"2022-04-11T17:10:40","guid":{"rendered":"https:\/\/laracchetta.eu\/racchetta\/2022\/04\/11\/incendi-in-corso-11-04-2022\/"},"modified":"2022-04-12T16:54:17","modified_gmt":"2022-04-12T14:54:17","slug":"incendi-in-corso-11-04-2022","status":"publish","type":"post","link":"https:\/\/laracchetta.eu\/racchetta\/?p=2003","title":{"rendered":"Incendi in Corso 11\/04\/2022"},"content":{"rendered":"<h4>Incendio Boschivo loc. Porto Santo Stefano &#8211; Monte Argentario.<\/h4>\n<p><\/p>\n<p>Alle ore 19:36 di oggi, Luned\u00ec 11 Aprile 2022 \u00e8 scoppiato un incendio boschivo in localit\u00e0 Porto Santo Stefano nel comune di Monte Argentario. Sono intervenute squadre Racchetta dalle sezioni di Alta Maremma, Monte Argentario. Sono bruciati 0,0100 ettari di Bosco.<\/p>\n<p>Incendio Boschivo loc. San Lorenzo A Vaccoli &#8211; Lucca.<\/p>\n<p>Alle ore 19:20 di oggi, Luned\u00ec 11 Aprile 2022 \u00e8 scoppiato un incendio boschivo in localit\u00e0 San Lorenzo A Vaccoli nel comune di Lucca. Sono intervenute squadre Racchetta dalla sezione di Vorno. Inoltre sono intervenute squadre Settore Pianificazione Cave Lucca, Vvf Comando Provinciale Vvf Lucca Centrale. Sono bruciati 0,0100 ettari di Bosco.<\/p>\n<p>Incendio Boschivo loc. Il Carrubo &#8211; Monte Argentario.<\/p>\n<p>Alle ore 18:38 di oggi, Luned\u00ec 11 Aprile 2022 \u00e8 scoppiato un incendio boschivo in localit\u00e0 Il Carrubo nel comune di Monte Argentario. Sono intervenute squadre Racchetta dalla sezione di Monte Argentario. Inoltre sono intervenute squadre Unione Dei Comuni Montana Colline Metallifere, Vvf Distaccamento Vvf Orbetello. Sono bruciati 0,1000 ettari di vegetazione.<\/p>\n<p>Incendio Boschivo loc. Lierna &#8211; Poppi.<\/p>\n<p>Alle ore 13:12 di oggi, Luned\u00ec 11 Aprile 2022 \u00e8 scoppiato un incendio boschivo in localit\u00e0 Lierna nel comune di Poppi. Sono intervenute squadre Racchetta dalla sezione di Ortignano Raggiolo. Inoltre sono intervenute squadre Unione Dei Comuni Montani Del Casentino, Vvf Distaccamento Vvf Bibbiena. Sono bruciati 3,0000 ettari di Bosco e1,0000 ettari di vegetazione.<\/p>\n<p>Incendio Boschivo loc. Bibbiano &#8211; Capolona.<\/p>\n<p>Alle ore 12:01 di oggi, Luned\u00ec 11 Aprile 2022 \u00e8 scoppiato un incendio boschivo in localit\u00e0 Bibbiano nel comune di Capolona. Sono intervenute squadre Racchetta dalle sezioni di Arezzo. Inoltre sono intervenute squadre Ccfor Comando Stazione Subbiano, Unione Dei Comuni Montani Del Casentino, Vvf Comando Provinciale Vvf Arezzo Centrale. In supporto alle squadre a terra ha operato un elicottero della flotta regionale AIB Sono bruciati 2,4000 ettari di Bosco.<\/p>\n<p>#laracchettaodv #incendioaib #RegioneToscana #prontiapartire<\/p>\n<p>19:09 11\/04\/2022<\/p>\n\n\n<figure class=\"wp-block-image size-large\"><img loading=\"lazy\" decoding=\"async\" width=\"2048\" height=\"1536\" src=\"https:\/\/laracchetta.eu\/racchetta\/wp-content\/uploads\/2022\/04\/WhatsApp Image 2022-03-28 at 19.39.15 (1).jpeg\" alt=\"\" class=\"wp-image-2004\" srcset=\"https:\/\/laracchetta.eu\/racchetta\/wp-content\/uploads\/2022\/04\/WhatsApp%20Image%202022-03-28%20at%2019.39.15%20(1).jpeg 2048w, https:\/\/laracchetta.eu\/racchetta\/wp-content\/uploads\/2022\/04\/WhatsApp%20Image%202022-03-28%20at%2019.39.15%20(1)-300x225.jpeg 300w, https:\/\/laracchetta.eu\/racchetta\/wp-content\/uploads\/2022\/04\/WhatsApp%20Image%202022-03-28%20at%2019.39.15%20(1)-1024x768.jpeg 1024w, https:\/\/laracchetta.eu\/racchetta\/wp-content\/uploads\/2022\/04\/WhatsApp%20Image%202022-03-28%20at%2019.39.15%20(1)-768x576.jpeg 768w, https:\/\/laracchetta.eu\/racchetta\/wp-content\/uploads\/2022\/04\/WhatsApp%20Image%202022-03-28%20at%2019.39.15%20(1)-1536x1152.jpeg 1536w, https:\/\/laracchetta.eu\/racchetta\/wp-content\/uploads\/2022\/04\/WhatsApp%20Image%202022-03-28%20at%2019.39.15%20(1)-750x563.jpeg 750w, https:\/\/laracchetta.eu\/racchetta\/wp-content\/uploads\/2022\/04\/WhatsApp%20Image%202022-03-28%20at%2019.39.15%20(1)-400x300.jpeg 400w, https:\/\/laracchetta.eu\/racchetta\/wp-content\/uploads\/2022\/04\/WhatsApp%20Image%202022-03-28%20at%2019.39.15%20(1)-430x323.jpeg 430w, https:\/\/laracchetta.eu\/racchetta\/wp-content\/uploads\/2022\/04\/WhatsApp%20Image%202022-03-28%20at%2019.39.15%20(1)-150x113.jpeg 150w, https:\/\/laracchetta.eu\/racchetta\/wp-content\/uploads\/2022\/04\/WhatsApp%20Image%202022-03-28%20at%2019.39.15%20(1)-100x75.jpeg 100w\" sizes=\"auto, (max-width: 2048px) 100vw, 2048px\" \/><\/figure>\n","protected":false},"excerpt":{"rendered":"<p>Incendio Boschivo loc. Porto Santo Stefano &#8211; Monte Argentario. Alle ore 19:36 di oggi, Luned\u00ec 11 Aprile 2022 \u00e8 scoppiato un incendio boschivo in localit\u00e0 Porto Santo Stefano nel comune [&hellip;]<\/p>\n","protected":false},"author":1,"featured_media":2004,"comment_status":"open","ping_status":"open","sticky":false,"template":"","format":"standard","meta":{"footnotes":""},"categories":[12],"tags":[],"class_list":["post-2003","post","type-post","status-publish","format-standard","has-post-thumbnail","hentry","category-incendio"],"yoast_head":"<!-- This site is optimized with the Yoast SEO plugin v25.0 - https:\/\/yoast.com\/wordpress\/plugins\/seo\/ -->\n<title>Incendi in Corso 11\/04\/2022 - La Racchetta ODV<\/title>\n<meta name=\"robots\" content=\"index, follow, max-snippet:-1, max-image-preview:large, max-video-preview:-1\" \/>\n<link rel=\"canonical\" href=\"https:\/\/laracchetta.eu\/racchetta\/?p=2003\" \/>\n<meta property=\"og:locale\" content=\"it_IT\" \/>\n<meta property=\"og:type\" content=\"article\" \/>\n<meta property=\"og:title\" content=\"Incendi in Corso 11\/04\/2022 - La Racchetta ODV\" \/>\n<meta property=\"og:description\" content=\"Incendio Boschivo loc. Porto Santo Stefano &#8211; Monte Argentario. Alle ore 19:36 di oggi, Luned\u00ec 11 Aprile 2022 \u00e8 scoppiato un incendio boschivo in localit\u00e0 Porto Santo Stefano nel comune [&hellip;]\" \/>\n<meta property=\"og:url\" content=\"https:\/\/laracchetta.eu\/racchetta\/?p=2003\" \/>\n<meta property=\"og:site_name\" content=\"La Racchetta ODV\" \/>\n<meta property=\"article:publisher\" content=\"https:\/\/www.facebook.com\/LaRacchettaODV\" \/>\n<meta property=\"article:published_time\" content=\"2022-04-11T17:10:40+00:00\" \/>\n<meta property=\"article:modified_time\" content=\"2022-04-12T14:54:17+00:00\" \/>\n<meta property=\"og:image\" content=\"https:\/\/laracchetta.eu\/racchetta\/wp-content\/uploads\/2022\/04\/WhatsApp%20Image%202022-03-28%20at%2019.39.15%20(1).jpeg\" \/>\n\t<meta property=\"og:image:width\" content=\"2048\" \/>\n\t<meta property=\"og:image:height\" content=\"1536\" \/>\n\t<meta property=\"og:image:type\" content=\"image\/jpeg\" \/>\n<meta name=\"author\" content=\"Niccolo_Gori\" \/>\n<meta name=\"twitter:card\" content=\"summary_large_image\" \/>\n<meta name=\"twitter:label1\" content=\"Scritto da\" \/>\n\t<meta name=\"twitter:data1\" content=\"Niccolo_Gori\" \/>\n\t<meta name=\"twitter:label2\" content=\"Tempo di lettura stimato\" \/>\n\t<meta name=\"twitter:data2\" content=\"1 minuto\" \/>\n<script type=\"application\/ld+json\" class=\"yoast-schema-graph\">{\"@context\":\"https:\/\/schema.org\",\"@graph\":[{\"@type\":\"Article\",\"@id\":\"https:\/\/laracchetta.eu\/racchetta\/?p=2003#article\",\"isPartOf\":{\"@id\":\"https:\/\/laracchetta.eu\/racchetta\/?p=2003\"},\"author\":{\"name\":\"Niccolo_Gori\",\"@id\":\"https:\/\/laracchetta.eu\/racchetta\/#\/schema\/person\/0afcba71d540560eec3f24de9152e06d\"},\"headline\":\"Incendi in Corso 11\/04\/2022\",\"datePublished\":\"2022-04-11T17:10:40+00:00\",\"dateModified\":\"2022-04-12T14:54:17+00:00\",\"mainEntityOfPage\":{\"@id\":\"https:\/\/laracchetta.eu\/racchetta\/?p=2003\"},\"wordCount\":288,\"commentCount\":0,\"publisher\":{\"@id\":\"https:\/\/laracchetta.eu\/racchetta\/#organization\"},\"image\":{\"@id\":\"https:\/\/laracchetta.eu\/racchetta\/?p=2003#primaryimage\"},\"thumbnailUrl\":\"https:\/\/laracchetta.eu\/racchetta\/wp-content\/uploads\/2022\/04\/WhatsApp Image 2022-03-28 at 19.39.15 (1).jpeg\",\"articleSection\":[\"Incendio\"],\"inLanguage\":\"it-IT\",\"potentialAction\":[{\"@type\":\"CommentAction\",\"name\":\"Comment\",\"target\":[\"https:\/\/laracchetta.eu\/racchetta\/?p=2003#respond\"]}]},{\"@type\":\"WebPage\",\"@id\":\"https:\/\/laracchetta.eu\/racchetta\/?p=2003\",\"url\":\"https:\/\/laracchetta.eu\/racchetta\/?p=2003\",\"name\":\"Incendi in Corso 11\/04\/2022 - La Racchetta ODV\",\"isPartOf\":{\"@id\":\"https:\/\/laracchetta.eu\/racchetta\/#website\"},\"primaryImageOfPage\":{\"@id\":\"https:\/\/laracchetta.eu\/racchetta\/?p=2003#primaryimage\"},\"image\":{\"@id\":\"https:\/\/laracchetta.eu\/racchetta\/?p=2003#primaryimage\"},\"thumbnailUrl\":\"https:\/\/laracchetta.eu\/racchetta\/wp-content\/uploads\/2022\/04\/WhatsApp Image 2022-03-28 at 19.39.15 (1).jpeg\",\"datePublished\":\"2022-04-11T17:10:40+00:00\",\"dateModified\":\"2022-04-12T14:54:17+00:00\",\"breadcrumb\":{\"@id\":\"https:\/\/laracchetta.eu\/racchetta\/?p=2003#breadcrumb\"},\"inLanguage\":\"it-IT\",\"potentialAction\":[{\"@type\":\"ReadAction\",\"target\":[\"https:\/\/laracchetta.eu\/racchetta\/?p=2003\"]}]},{\"@type\":\"ImageObject\",\"inLanguage\":\"it-IT\",\"@id\":\"https:\/\/laracchetta.eu\/racchetta\/?p=2003#primaryimage\",\"url\":\"https:\/\/laracchetta.eu\/racchetta\/wp-content\/uploads\/2022\/04\/WhatsApp Image 2022-03-28 at 19.39.15 (1).jpeg\",\"contentUrl\":\"https:\/\/laracchetta.eu\/racchetta\/wp-content\/uploads\/2022\/04\/WhatsApp Image 2022-03-28 at 19.39.15 (1).jpeg\",\"width\":2048,\"height\":1536},{\"@type\":\"BreadcrumbList\",\"@id\":\"https:\/\/laracchetta.eu\/racchetta\/?p=2003#breadcrumb\",\"itemListElement\":[{\"@type\":\"ListItem\",\"position\":1,\"name\":\"Home\",\"item\":\"https:\/\/laracchetta.eu\/racchetta\/\"},{\"@type\":\"ListItem\",\"position\":2,\"name\":\"Incendi in Corso 11\/04\/2022\"}]},{\"@type\":\"WebSite\",\"@id\":\"https:\/\/laracchetta.eu\/racchetta\/#website\",\"url\":\"https:\/\/laracchetta.eu\/racchetta\/\",\"name\":\"La Racchetta ODV\",\"description\":\"Organizzazione di Volontariato - Antincendio Boschivo e Protezione Civile\",\"publisher\":{\"@id\":\"https:\/\/laracchetta.eu\/racchetta\/#organization\"},\"potentialAction\":[{\"@type\":\"SearchAction\",\"target\":{\"@type\":\"EntryPoint\",\"urlTemplate\":\"https:\/\/laracchetta.eu\/racchetta\/?s={search_term_string}\"},\"query-input\":{\"@type\":\"PropertyValueSpecification\",\"valueRequired\":true,\"valueName\":\"search_term_string\"}}],\"inLanguage\":\"it-IT\"},{\"@type\":\"Organization\",\"@id\":\"https:\/\/laracchetta.eu\/racchetta\/#organization\",\"name\":\"La Racchetta Odv\",\"url\":\"https:\/\/laracchetta.eu\/racchetta\/\",\"logo\":{\"@type\":\"ImageObject\",\"inLanguage\":\"it-IT\",\"@id\":\"https:\/\/laracchetta.eu\/racchetta\/#\/schema\/logo\/image\/\",\"url\":\"https:\/\/i0.wp.com\/laracchetta.eu\/racchetta\/wp-content\/uploads\/2017\/01\/logo-racchetta.png?fit=2237%2C2159&ssl=1\",\"contentUrl\":\"https:\/\/i0.wp.com\/laracchetta.eu\/racchetta\/wp-content\/uploads\/2017\/01\/logo-racchetta.png?fit=2237%2C2159&ssl=1\",\"width\":2237,\"height\":2159,\"caption\":\"La Racchetta Odv\"},\"image\":{\"@id\":\"https:\/\/laracchetta.eu\/racchetta\/#\/schema\/logo\/image\/\"},\"sameAs\":[\"https:\/\/www.facebook.com\/LaRacchettaODV\",\"https:\/\/www.instagram.com\/laracchettaodv\/\"]},{\"@type\":\"Person\",\"@id\":\"https:\/\/laracchetta.eu\/racchetta\/#\/schema\/person\/0afcba71d540560eec3f24de9152e06d\",\"name\":\"Niccolo_Gori\",\"image\":{\"@type\":\"ImageObject\",\"inLanguage\":\"it-IT\",\"@id\":\"https:\/\/laracchetta.eu\/racchetta\/#\/schema\/person\/image\/\",\"url\":\"https:\/\/secure.gravatar.com\/avatar\/52e1612cd6f6d2531b195755517139329fe0864e6748c7b5b2d846cbe836fcf5?s=96&d=mm&r=g\",\"contentUrl\":\"https:\/\/secure.gravatar.com\/avatar\/52e1612cd6f6d2531b195755517139329fe0864e6748c7b5b2d846cbe836fcf5?s=96&d=mm&r=g\",\"caption\":\"Niccolo_Gori\"},\"url\":\"https:\/\/laracchetta.eu\/racchetta\/?author=1\"}]}<\/script>\n<!-- \/ Yoast SEO plugin. -->","yoast_head_json":{"title":"Incendi in Corso 11\/04\/2022 - La Racchetta ODV","robots":{"index":"index","follow":"follow","max-snippet":"max-snippet:-1","max-image-preview":"max-image-preview:large","max-video-preview":"max-video-preview:-1"},"canonical":"https:\/\/laracchetta.eu\/racchetta\/?p=2003","og_locale":"it_IT","og_type":"article","og_title":"Incendi in Corso 11\/04\/2022 - La Racchetta ODV","og_description":"Incendio Boschivo loc. Porto Santo Stefano &#8211; Monte Argentario. Alle ore 19:36 di oggi, Luned\u00ec 11 Aprile 2022 \u00e8 scoppiato un incendio boschivo in localit\u00e0 Porto Santo Stefano nel comune [&hellip;]","og_url":"https:\/\/laracchetta.eu\/racchetta\/?p=2003","og_site_name":"La Racchetta ODV","article_publisher":"https:\/\/www.facebook.com\/LaRacchettaODV","article_published_time":"2022-04-11T17:10:40+00:00","article_modified_time":"2022-04-12T14:54:17+00:00","og_image":[{"width":2048,"height":1536,"url":"https:\/\/laracchetta.eu\/racchetta\/wp-content\/uploads\/2022\/04\/WhatsApp Image 2022-03-28 at 19.39.15 (1).jpeg","type":"image\/jpeg"}],"author":"Niccolo_Gori","twitter_card":"summary_large_image","twitter_misc":{"Scritto da":"Niccolo_Gori","Tempo di lettura stimato":"1 minuto"},"schema":{"@context":"https:\/\/schema.org","@graph":[{"@type":"Article","@id":"https:\/\/laracchetta.eu\/racchetta\/?p=2003#article","isPartOf":{"@id":"https:\/\/laracchetta.eu\/racchetta\/?p=2003"},"author":{"name":"Niccolo_Gori","@id":"https:\/\/laracchetta.eu\/racchetta\/#\/schema\/person\/0afcba71d540560eec3f24de9152e06d"},"headline":"Incendi in Corso 11\/04\/2022","datePublished":"2022-04-11T17:10:40+00:00","dateModified":"2022-04-12T14:54:17+00:00","mainEntityOfPage":{"@id":"https:\/\/laracchetta.eu\/racchetta\/?p=2003"},"wordCount":288,"commentCount":0,"publisher":{"@id":"https:\/\/laracchetta.eu\/racchetta\/#organization"},"image":{"@id":"https:\/\/laracchetta.eu\/racchetta\/?p=2003#primaryimage"},"thumbnailUrl":"https:\/\/laracchetta.eu\/racchetta\/wp-content\/uploads\/2022\/04\/WhatsApp Image 2022-03-28 at 19.39.15 (1).jpeg","articleSection":["Incendio"],"inLanguage":"it-IT","potentialAction":[{"@type":"CommentAction","name":"Comment","target":["https:\/\/laracchetta.eu\/racchetta\/?p=2003#respond"]}]},{"@type":"WebPage","@id":"https:\/\/laracchetta.eu\/racchetta\/?p=2003","url":"https:\/\/laracchetta.eu\/racchetta\/?p=2003","name":"Incendi in Corso 11\/04\/2022 - La Racchetta ODV","isPartOf":{"@id":"https:\/\/laracchetta.eu\/racchetta\/#website"},"primaryImageOfPage":{"@id":"https:\/\/laracchetta.eu\/racchetta\/?p=2003#primaryimage"},"image":{"@id":"https:\/\/laracchetta.eu\/racchetta\/?p=2003#primaryimage"},"thumbnailUrl":"https:\/\/laracchetta.eu\/racchetta\/wp-content\/uploads\/2022\/04\/WhatsApp Image 2022-03-28 at 19.39.15 (1).jpeg","datePublished":"2022-04-11T17:10:40+00:00","dateModified":"2022-04-12T14:54:17+00:00","breadcrumb":{"@id":"https:\/\/laracchetta.eu\/racchetta\/?p=2003#breadcrumb"},"inLanguage":"it-IT","potentialAction":[{"@type":"ReadAction","target":["https:\/\/laracchetta.eu\/racchetta\/?p=2003"]}]},{"@type":"ImageObject","inLanguage":"it-IT","@id":"https:\/\/laracchetta.eu\/racchetta\/?p=2003#primaryimage","url":"https:\/\/laracchetta.eu\/racchetta\/wp-content\/uploads\/2022\/04\/WhatsApp Image 2022-03-28 at 19.39.15 (1).jpeg","contentUrl":"https:\/\/laracchetta.eu\/racchetta\/wp-content\/uploads\/2022\/04\/WhatsApp Image 2022-03-28 at 19.39.15 (1).jpeg","width":2048,"height":1536},{"@type":"BreadcrumbList","@id":"https:\/\/laracchetta.eu\/racchetta\/?p=2003#breadcrumb","itemListElement":[{"@type":"ListItem","position":1,"name":"Home","item":"https:\/\/laracchetta.eu\/racchetta\/"},{"@type":"ListItem","position":2,"name":"Incendi in Corso 11\/04\/2022"}]},{"@type":"WebSite","@id":"https:\/\/laracchetta.eu\/racchetta\/#website","url":"https:\/\/laracchetta.eu\/racchetta\/","name":"La Racchetta ODV","description":"Organizzazione di Volontariato - Antincendio Boschivo e Protezione Civile","publisher":{"@id":"https:\/\/laracchetta.eu\/racchetta\/#organization"},"potentialAction":[{"@type":"SearchAction","target":{"@type":"EntryPoint","urlTemplate":"https:\/\/laracchetta.eu\/racchetta\/?s={search_term_string}"},"query-input":{"@type":"PropertyValueSpecification","valueRequired":true,"valueName":"search_term_string"}}],"inLanguage":"it-IT"},{"@type":"Organization","@id":"https:\/\/laracchetta.eu\/racchetta\/#organization","name":"La Racchetta Odv","url":"https:\/\/laracchetta.eu\/racchetta\/","logo":{"@type":"ImageObject","inLanguage":"it-IT","@id":"https:\/\/laracchetta.eu\/racchetta\/#\/schema\/logo\/image\/","url":"https:\/\/i0.wp.com\/laracchetta.eu\/racchetta\/wp-content\/uploads\/2017\/01\/logo-racchetta.png?fit=2237%2C2159&ssl=1","contentUrl":"https:\/\/i0.wp.com\/laracchetta.eu\/racchetta\/wp-content\/uploads\/2017\/01\/logo-racchetta.png?fit=2237%2C2159&ssl=1","width":2237,"height":2159,"caption":"La Racchetta Odv"},"image":{"@id":"https:\/\/laracchetta.eu\/racchetta\/#\/schema\/logo\/image\/"},"sameAs":["https:\/\/www.facebook.com\/LaRacchettaODV","https:\/\/www.instagram.com\/laracchettaodv\/"]},{"@type":"Person","@id":"https:\/\/laracchetta.eu\/racchetta\/#\/schema\/person\/0afcba71d540560eec3f24de9152e06d","name":"Niccolo_Gori","image":{"@type":"ImageObject","inLanguage":"it-IT","@id":"https:\/\/laracchetta.eu\/racchetta\/#\/schema\/person\/image\/","url":"https:\/\/secure.gravatar.com\/avatar\/52e1612cd6f6d2531b195755517139329fe0864e6748c7b5b2d846cbe836fcf5?s=96&d=mm&r=g","contentUrl":"https:\/\/secure.gravatar.com\/avatar\/52e1612cd6f6d2531b195755517139329fe0864e6748c7b5b2d846cbe836fcf5?s=96&d=mm&r=g","caption":"Niccolo_Gori"},"url":"https:\/\/laracchetta.eu\/racchetta\/?author=1"}]}},"jetpack_featured_media_url":"https:\/\/laracchetta.eu\/racchetta\/wp-content\/uploads\/2022\/04\/WhatsApp Image 2022-03-28 at 19.39.15 (1).jpeg","_links":{"self":[{"href":"https:\/\/laracchetta.eu\/racchetta\/index.php?rest_route=\/wp\/v2\/posts\/2003","targetHints":{"allow":["GET"]}}],"collection":[{"href":"https:\/\/laracchetta.eu\/racchetta\/index.php?rest_route=\/wp\/v2\/posts"}],"about":[{"href":"https:\/\/laracchetta.eu\/racchetta\/index.php?rest_route=\/wp\/v2\/types\/post"}],"author":[{"embeddable":true,"href":"https:\/\/laracchetta.eu\/racchetta\/index.php?rest_route=\/wp\/v2\/users\/1"}],"replies":[{"embeddable":true,"href":"https:\/\/laracchetta.eu\/racchetta\/index.php?rest_route=%2Fwp%2Fv2%2Fcomments&post=2003"}],"version-history":[{"count":3,"href":"https:\/\/laracchetta.eu\/racchetta\/index.php?rest_route=\/wp\/v2\/posts\/2003\/revisions"}],"predecessor-version":[{"id":2008,"href":"https:\/\/laracchetta.eu\/racchetta\/index.php?rest_route=\/wp\/v2\/posts\/2003\/revisions\/2008"}],"wp:featuredmedia":[{"embeddable":true,"href":"https:\/\/laracchetta.eu\/racchetta\/index.php?rest_route=\/wp\/v2\/media\/2004"}],"wp:attachment":[{"href":"https:\/\/laracchetta.eu\/racchetta\/index.php?rest_route=%2Fwp%2Fv2%2Fmedia&parent=2003"}],"wp:term":[{"taxonomy":"category","embeddable":true,"href":"https:\/\/laracchetta.eu\/racchetta\/index.php?rest_route=%2Fwp%2Fv2%2Fcategories&post=2003"},{"taxonomy":"post_tag","embeddable":true,"href":"https:\/\/laracchetta.eu\/racchetta\/index.php?rest_route=%2Fwp%2Fv2%2Ftags&post=2003"}],"curies":[{"name":"wp","href":"https:\/\/api.w.org\/{rel}","templated":true}]}}