{"id":1066,"date":"2019-09-24T11:00:48","date_gmt":"2019-09-24T09:00:48","guid":{"rendered":"http:\/\/www.laracchetta.eu\/racchetta\/?p=1066"},"modified":"2019-09-24T10:42:24","modified_gmt":"2019-09-24T08:42:24","slug":"monte-serra-un-anno-dopo-video","status":"publish","type":"post","link":"https:\/\/laracchetta.eu\/racchetta\/?p=1066","title":{"rendered":"Monte Serra, un anno dopo [VIDEO]"},"content":{"rendered":"<h3>La Racchetta in occasione della commemorazione dell&#8217;incendio che ha colpito il Monte Serra il 24 Settembre 2019 ha realizzato un video per raccontare tutte le fasi dell&#8217;incendio.<\/h3>\n<h4>Perch\u00e9 un video ricordo di Calci?<br \/>\nPerch\u00e9 \u00e8 il primo incendio in Toscana ad avere le caratteristiche degli incendi distruttivi che da alcuni anni vediamo scoppiare in altri stati europei con forte impatto su beni civili ed umani.<br \/>\nPerch\u00e9 questo evento funziona da spartiacque rispetto a come venivano gestiti i grandi incendi in passato.<br \/>\nLa grande impressione che ha suscitato nei media ha fatto comprendere che non basta pi\u00f9 avere grande numero di mezzi aerei o tecnici ma occorre cambiare mentalit\u00e0 e dedicare pi\u00f9 tempo a progettare strumenti di prevenzione adeguati a questo tipo di incendi. Nel video vedrete le prime fasi, sentirete le reazioni di chi si \u00e8 trovato di fronte ad un mostro imprevedibile, capirete cosa il sistema regionale ha fatto per contrastarlo e per recuperare le zone devastate. Lo sforzo dei volontari e la loro capacit\u00e0 di muoversi comunque senza rischiare nulla per aiutare il prossimo e difendere un bene che appartiene a tutti.<\/h4>\n<blockquote class=\"embedly-card\">\n<h4><a href=\"https:\/\/www.facebook.com\/LaRacchettaonlu\/videos\/1002133973511852\/\">Log In or Sign Up to View<\/a><\/h4>\n<p>See posts, photos and more on Facebook.<\/p>\n<\/blockquote>\n<p><script async src=\"\/\/cdn.embedly.com\/widgets\/platform.js\" charset=\"UTF-8\"><\/script><\/p>\n<p>Si ringrazia:<\/p>\n<ul>\n<li>Massimiliano Ghimenti Sindaco del Comune di Calci<\/li>\n<li>Luca Tonarelli e Enrico Magnani responsabili\u00a0Scuola Addestramento Incendi Boschivi La Pineta<\/li>\n<li>Gabriele Salvadori presidente Coordinamento Volontariato Toscana<\/li>\n<li>Federico Delle Sedie responsabile G.V.A. Calci<\/li>\n<li>Piercarlo De Victoriis responsabile La Racchetta Onlus Sezione Cascina<\/li>\n<li>Simone Cantagalli responsabile ufficio stampa La Racchetta<\/li>\n<\/ul>\n<p>Un video realizzato da La Racchetta Onlus, video e montaggio di Gianluca Rossi, Alessandro Colucci e Niccol\u00f2 Gori<\/p>\n<pre>Tutti i contenuti (testi, immagini, grafica, layout ecc.) presenti di questo sito Internet \r\nwww.laracchetta.eu appartengono ai rispettivi proprietari. La grafica, foto, video ed i \r\ncontenuti, ove non diversamente specificato, appartengono a La Racchetta Onlus. Testi, foto, \r\ngrafica, materiali inseriti nel portale non potranno essere pubblicati, riscritti, \r\ncommercializzati, distribuiti, radio o videotrasmessi, da parte degli utenti e dei terzi in \r\ngenere, in alcun modo e sotto qualsiasi forma salvo condivisione link a questa pagina o \r\npreventiva autorizzazione da parte dei responsabili de La Racchetta Onlus. I contenuti offerti\r\nda questo portale sono redatti con la massima cura\/diligenza, e sottoposti ad un accurato \r\ncontrollo. La Racchetta Onlus\u00a0tuttavia, declina ogni responsabilit\u00e0, diretta e indiretta, nei\r\nconfronti degli utenti e in generale di qualsiasi terzo, per eventuali imprecisioni, errori, \r\nomissioni, danni (diretti, indiretti, conseguenti, punibili e sanzionabili) derivanti dai \r\nsuddetti contenuti.\r\n\r\nCopyright \u00a9 2019 Tutti i diritti riservati.<\/pre>\n","protected":false},"excerpt":{"rendered":"<p>La Racchetta in occasione della commemorazione dell&#8217;incendio che ha colpito il Monte Serra il 24 Settembre 2019 ha realizzato un video per raccontare tutte le fasi dell&#8217;incendio. Perch\u00e9 un video [&hellip;]<\/p>\n","protected":false},"author":1,"featured_media":0,"comment_status":"open","ping_status":"open","sticky":false,"template":"","format":"standard","meta":{"footnotes":""},"categories":[12,3],"tags":[],"class_list":["post-1066","post","type-post","status-publish","format-standard","hentry","category-incendio","category-racchetta-centrale"],"yoast_head":"<!-- This site is optimized with the Yoast SEO plugin v25.0 - https:\/\/yoast.com\/wordpress\/plugins\/seo\/ -->\n<title>Monte Serra, un anno dopo [VIDEO] - La Racchetta ODV<\/title>\n<meta name=\"robots\" content=\"index, follow, max-snippet:-1, max-image-preview:large, max-video-preview:-1\" \/>\n<link rel=\"canonical\" href=\"https:\/\/laracchetta.eu\/racchetta\/?p=1066\" \/>\n<meta property=\"og:locale\" content=\"it_IT\" \/>\n<meta property=\"og:type\" content=\"article\" \/>\n<meta property=\"og:title\" content=\"Monte Serra, un anno dopo [VIDEO] - La Racchetta ODV\" \/>\n<meta property=\"og:description\" content=\"La Racchetta in occasione della commemorazione dell&#8217;incendio che ha colpito il Monte Serra il 24 Settembre 2019 ha realizzato un video per raccontare tutte le fasi dell&#8217;incendio. Perch\u00e9 un video [&hellip;]\" \/>\n<meta property=\"og:url\" content=\"https:\/\/laracchetta.eu\/racchetta\/?p=1066\" \/>\n<meta property=\"og:site_name\" content=\"La Racchetta ODV\" \/>\n<meta property=\"article:publisher\" content=\"https:\/\/www.facebook.com\/LaRacchettaODV\" \/>\n<meta property=\"article:published_time\" content=\"2019-09-24T09:00:48+00:00\" \/>\n<meta name=\"author\" content=\"Niccolo_Gori\" \/>\n<meta name=\"twitter:card\" content=\"summary_large_image\" \/>\n<meta name=\"twitter:label1\" content=\"Scritto da\" \/>\n\t<meta name=\"twitter:data1\" content=\"Niccolo_Gori\" \/>\n\t<meta name=\"twitter:label2\" content=\"Tempo di lettura stimato\" \/>\n\t<meta name=\"twitter:data2\" content=\"2 minuti\" \/>\n<script type=\"application\/ld+json\" class=\"yoast-schema-graph\">{\"@context\":\"https:\/\/schema.org\",\"@graph\":[{\"@type\":\"Article\",\"@id\":\"https:\/\/laracchetta.eu\/racchetta\/?p=1066#article\",\"isPartOf\":{\"@id\":\"https:\/\/laracchetta.eu\/racchetta\/?p=1066\"},\"author\":{\"name\":\"Niccolo_Gori\",\"@id\":\"https:\/\/laracchetta.eu\/racchetta\/#\/schema\/person\/0afcba71d540560eec3f24de9152e06d\"},\"headline\":\"Monte Serra, un anno dopo [VIDEO]\",\"datePublished\":\"2019-09-24T09:00:48+00:00\",\"mainEntityOfPage\":{\"@id\":\"https:\/\/laracchetta.eu\/racchetta\/?p=1066\"},\"wordCount\":271,\"commentCount\":0,\"publisher\":{\"@id\":\"https:\/\/laracchetta.eu\/racchetta\/#organization\"},\"articleSection\":[\"Incendio\",\"Racchetta Centrale\"],\"inLanguage\":\"it-IT\",\"potentialAction\":[{\"@type\":\"CommentAction\",\"name\":\"Comment\",\"target\":[\"https:\/\/laracchetta.eu\/racchetta\/?p=1066#respond\"]}]},{\"@type\":\"WebPage\",\"@id\":\"https:\/\/laracchetta.eu\/racchetta\/?p=1066\",\"url\":\"https:\/\/laracchetta.eu\/racchetta\/?p=1066\",\"name\":\"Monte Serra, un anno dopo [VIDEO] - La Racchetta ODV\",\"isPartOf\":{\"@id\":\"https:\/\/laracchetta.eu\/racchetta\/#website\"},\"datePublished\":\"2019-09-24T09:00:48+00:00\",\"breadcrumb\":{\"@id\":\"https:\/\/laracchetta.eu\/racchetta\/?p=1066#breadcrumb\"},\"inLanguage\":\"it-IT\",\"potentialAction\":[{\"@type\":\"ReadAction\",\"target\":[\"https:\/\/laracchetta.eu\/racchetta\/?p=1066\"]}]},{\"@type\":\"BreadcrumbList\",\"@id\":\"https:\/\/laracchetta.eu\/racchetta\/?p=1066#breadcrumb\",\"itemListElement\":[{\"@type\":\"ListItem\",\"position\":1,\"name\":\"Home\",\"item\":\"https:\/\/laracchetta.eu\/racchetta\/\"},{\"@type\":\"ListItem\",\"position\":2,\"name\":\"Monte Serra, un anno dopo [VIDEO]\"}]},{\"@type\":\"WebSite\",\"@id\":\"https:\/\/laracchetta.eu\/racchetta\/#website\",\"url\":\"https:\/\/laracchetta.eu\/racchetta\/\",\"name\":\"La Racchetta ODV\",\"description\":\"Organizzazione di Volontariato - Antincendio Boschivo e Protezione Civile\",\"publisher\":{\"@id\":\"https:\/\/laracchetta.eu\/racchetta\/#organization\"},\"potentialAction\":[{\"@type\":\"SearchAction\",\"target\":{\"@type\":\"EntryPoint\",\"urlTemplate\":\"https:\/\/laracchetta.eu\/racchetta\/?s={search_term_string}\"},\"query-input\":{\"@type\":\"PropertyValueSpecification\",\"valueRequired\":true,\"valueName\":\"search_term_string\"}}],\"inLanguage\":\"it-IT\"},{\"@type\":\"Organization\",\"@id\":\"https:\/\/laracchetta.eu\/racchetta\/#organization\",\"name\":\"La Racchetta Odv\",\"url\":\"https:\/\/laracchetta.eu\/racchetta\/\",\"logo\":{\"@type\":\"ImageObject\",\"inLanguage\":\"it-IT\",\"@id\":\"https:\/\/laracchetta.eu\/racchetta\/#\/schema\/logo\/image\/\",\"url\":\"https:\/\/i0.wp.com\/laracchetta.eu\/racchetta\/wp-content\/uploads\/2017\/01\/logo-racchetta.png?fit=2237%2C2159&ssl=1\",\"contentUrl\":\"https:\/\/i0.wp.com\/laracchetta.eu\/racchetta\/wp-content\/uploads\/2017\/01\/logo-racchetta.png?fit=2237%2C2159&ssl=1\",\"width\":2237,\"height\":2159,\"caption\":\"La Racchetta Odv\"},\"image\":{\"@id\":\"https:\/\/laracchetta.eu\/racchetta\/#\/schema\/logo\/image\/\"},\"sameAs\":[\"https:\/\/www.facebook.com\/LaRacchettaODV\",\"https:\/\/www.instagram.com\/laracchettaodv\/\"]},{\"@type\":\"Person\",\"@id\":\"https:\/\/laracchetta.eu\/racchetta\/#\/schema\/person\/0afcba71d540560eec3f24de9152e06d\",\"name\":\"Niccolo_Gori\",\"image\":{\"@type\":\"ImageObject\",\"inLanguage\":\"it-IT\",\"@id\":\"https:\/\/laracchetta.eu\/racchetta\/#\/schema\/person\/image\/\",\"url\":\"https:\/\/secure.gravatar.com\/avatar\/52e1612cd6f6d2531b195755517139329fe0864e6748c7b5b2d846cbe836fcf5?s=96&d=mm&r=g\",\"contentUrl\":\"https:\/\/secure.gravatar.com\/avatar\/52e1612cd6f6d2531b195755517139329fe0864e6748c7b5b2d846cbe836fcf5?s=96&d=mm&r=g\",\"caption\":\"Niccolo_Gori\"},\"url\":\"https:\/\/laracchetta.eu\/racchetta\/?author=1\"}]}<\/script>\n<!-- \/ Yoast SEO plugin. -->","yoast_head_json":{"title":"Monte Serra, un anno dopo [VIDEO] - La Racchetta ODV","robots":{"index":"index","follow":"follow","max-snippet":"max-snippet:-1","max-image-preview":"max-image-preview:large","max-video-preview":"max-video-preview:-1"},"canonical":"https:\/\/laracchetta.eu\/racchetta\/?p=1066","og_locale":"it_IT","og_type":"article","og_title":"Monte Serra, un anno dopo [VIDEO] - La Racchetta ODV","og_description":"La Racchetta in occasione della commemorazione dell&#8217;incendio che ha colpito il Monte Serra il 24 Settembre 2019 ha realizzato un video per raccontare tutte le fasi dell&#8217;incendio. Perch\u00e9 un video [&hellip;]","og_url":"https:\/\/laracchetta.eu\/racchetta\/?p=1066","og_site_name":"La Racchetta ODV","article_publisher":"https:\/\/www.facebook.com\/LaRacchettaODV","article_published_time":"2019-09-24T09:00:48+00:00","author":"Niccolo_Gori","twitter_card":"summary_large_image","twitter_misc":{"Scritto da":"Niccolo_Gori","Tempo di lettura stimato":"2 minuti"},"schema":{"@context":"https:\/\/schema.org","@graph":[{"@type":"Article","@id":"https:\/\/laracchetta.eu\/racchetta\/?p=1066#article","isPartOf":{"@id":"https:\/\/laracchetta.eu\/racchetta\/?p=1066"},"author":{"name":"Niccolo_Gori","@id":"https:\/\/laracchetta.eu\/racchetta\/#\/schema\/person\/0afcba71d540560eec3f24de9152e06d"},"headline":"Monte Serra, un anno dopo [VIDEO]","datePublished":"2019-09-24T09:00:48+00:00","mainEntityOfPage":{"@id":"https:\/\/laracchetta.eu\/racchetta\/?p=1066"},"wordCount":271,"commentCount":0,"publisher":{"@id":"https:\/\/laracchetta.eu\/racchetta\/#organization"},"articleSection":["Incendio","Racchetta Centrale"],"inLanguage":"it-IT","potentialAction":[{"@type":"CommentAction","name":"Comment","target":["https:\/\/laracchetta.eu\/racchetta\/?p=1066#respond"]}]},{"@type":"WebPage","@id":"https:\/\/laracchetta.eu\/racchetta\/?p=1066","url":"https:\/\/laracchetta.eu\/racchetta\/?p=1066","name":"Monte Serra, un anno dopo [VIDEO] - La Racchetta ODV","isPartOf":{"@id":"https:\/\/laracchetta.eu\/racchetta\/#website"},"datePublished":"2019-09-24T09:00:48+00:00","breadcrumb":{"@id":"https:\/\/laracchetta.eu\/racchetta\/?p=1066#breadcrumb"},"inLanguage":"it-IT","potentialAction":[{"@type":"ReadAction","target":["https:\/\/laracchetta.eu\/racchetta\/?p=1066"]}]},{"@type":"BreadcrumbList","@id":"https:\/\/laracchetta.eu\/racchetta\/?p=1066#breadcrumb","itemListElement":[{"@type":"ListItem","position":1,"name":"Home","item":"https:\/\/laracchetta.eu\/racchetta\/"},{"@type":"ListItem","position":2,"name":"Monte Serra, un anno dopo [VIDEO]"}]},{"@type":"WebSite","@id":"https:\/\/laracchetta.eu\/racchetta\/#website","url":"https:\/\/laracchetta.eu\/racchetta\/","name":"La Racchetta ODV","description":"Organizzazione di Volontariato - Antincendio Boschivo e Protezione Civile","publisher":{"@id":"https:\/\/laracchetta.eu\/racchetta\/#organization"},"potentialAction":[{"@type":"SearchAction","target":{"@type":"EntryPoint","urlTemplate":"https:\/\/laracchetta.eu\/racchetta\/?s={search_term_string}"},"query-input":{"@type":"PropertyValueSpecification","valueRequired":true,"valueName":"search_term_string"}}],"inLanguage":"it-IT"},{"@type":"Organization","@id":"https:\/\/laracchetta.eu\/racchetta\/#organization","name":"La Racchetta Odv","url":"https:\/\/laracchetta.eu\/racchetta\/","logo":{"@type":"ImageObject","inLanguage":"it-IT","@id":"https:\/\/laracchetta.eu\/racchetta\/#\/schema\/logo\/image\/","url":"https:\/\/i0.wp.com\/laracchetta.eu\/racchetta\/wp-content\/uploads\/2017\/01\/logo-racchetta.png?fit=2237%2C2159&ssl=1","contentUrl":"https:\/\/i0.wp.com\/laracchetta.eu\/racchetta\/wp-content\/uploads\/2017\/01\/logo-racchetta.png?fit=2237%2C2159&ssl=1","width":2237,"height":2159,"caption":"La Racchetta Odv"},"image":{"@id":"https:\/\/laracchetta.eu\/racchetta\/#\/schema\/logo\/image\/"},"sameAs":["https:\/\/www.facebook.com\/LaRacchettaODV","https:\/\/www.instagram.com\/laracchettaodv\/"]},{"@type":"Person","@id":"https:\/\/laracchetta.eu\/racchetta\/#\/schema\/person\/0afcba71d540560eec3f24de9152e06d","name":"Niccolo_Gori","image":{"@type":"ImageObject","inLanguage":"it-IT","@id":"https:\/\/laracchetta.eu\/racchetta\/#\/schema\/person\/image\/","url":"https:\/\/secure.gravatar.com\/avatar\/52e1612cd6f6d2531b195755517139329fe0864e6748c7b5b2d846cbe836fcf5?s=96&d=mm&r=g","contentUrl":"https:\/\/secure.gravatar.com\/avatar\/52e1612cd6f6d2531b195755517139329fe0864e6748c7b5b2d846cbe836fcf5?s=96&d=mm&r=g","caption":"Niccolo_Gori"},"url":"https:\/\/laracchetta.eu\/racchetta\/?author=1"}]}},"jetpack_featured_media_url":"","_links":{"self":[{"href":"https:\/\/laracchetta.eu\/racchetta\/index.php?rest_route=\/wp\/v2\/posts\/1066","targetHints":{"allow":["GET"]}}],"collection":[{"href":"https:\/\/laracchetta.eu\/racchetta\/index.php?rest_route=\/wp\/v2\/posts"}],"about":[{"href":"https:\/\/laracchetta.eu\/racchetta\/index.php?rest_route=\/wp\/v2\/types\/post"}],"author":[{"embeddable":true,"href":"https:\/\/laracchetta.eu\/racchetta\/index.php?rest_route=\/wp\/v2\/users\/1"}],"replies":[{"embeddable":true,"href":"https:\/\/laracchetta.eu\/racchetta\/index.php?rest_route=%2Fwp%2Fv2%2Fcomments&post=1066"}],"version-history":[{"count":8,"href":"https:\/\/laracchetta.eu\/racchetta\/index.php?rest_route=\/wp\/v2\/posts\/1066\/revisions"}],"predecessor-version":[{"id":1074,"href":"https:\/\/laracchetta.eu\/racchetta\/index.php?rest_route=\/wp\/v2\/posts\/1066\/revisions\/1074"}],"wp:attachment":[{"href":"https:\/\/laracchetta.eu\/racchetta\/index.php?rest_route=%2Fwp%2Fv2%2Fmedia&parent=1066"}],"wp:term":[{"taxonomy":"category","embeddable":true,"href":"https:\/\/laracchetta.eu\/racchetta\/index.php?rest_route=%2Fwp%2Fv2%2Fcategories&post=1066"},{"taxonomy":"post_tag","embeddable":true,"href":"https:\/\/laracchetta.eu\/racchetta\/index.php?rest_route=%2Fwp%2Fv2%2Ftags&post=1066"}],"curies":[{"name":"wp","href":"https:\/\/api.w.org\/{rel}","templated":true}]}}