{"id":1013,"date":"2019-08-07T20:43:11","date_gmt":"2019-08-07T18:43:11","guid":{"rendered":"http:\/\/www.laracchetta.eu\/racchetta\/?p=1013"},"modified":"2019-08-07T20:56:46","modified_gmt":"2019-08-07T18:56:46","slug":"incendio-lungo-viale-pertini","status":"publish","type":"post","link":"https:\/\/laracchetta.eu\/racchetta\/?p=1013","title":{"rendered":"Incendio lungo viale Pertini: decisivo l&#8217;intervento dei volontari de La Racchetta"},"content":{"rendered":"<p>Sul posto anche carabinieri, polizia locale e vigili del fuoco: il grazie del sindaco Roberto Ciappi<\/p>\n<p><img loading=\"lazy\" decoding=\"async\" class=\"alignleft size-medium wp-image-1014\" src=\"http:\/\/www.laracchetta.eu\/racchetta\/wp-content\/uploads\/2019\/08\/sancascianovialepertini_1-300x200.jpg\" alt=\"\" width=\"300\" height=\"200\" srcset=\"https:\/\/laracchetta.eu\/racchetta\/wp-content\/uploads\/2019\/08\/sancascianovialepertini_1-300x200.jpg 300w, https:\/\/laracchetta.eu\/racchetta\/wp-content\/uploads\/2019\/08\/sancascianovialepertini_1-768x512.jpg 768w, https:\/\/laracchetta.eu\/racchetta\/wp-content\/uploads\/2019\/08\/sancascianovialepertini_1-750x500.jpg 750w, https:\/\/laracchetta.eu\/racchetta\/wp-content\/uploads\/2019\/08\/sancascianovialepertini_1-400x267.jpg 400w, https:\/\/laracchetta.eu\/racchetta\/wp-content\/uploads\/2019\/08\/sancascianovialepertini_1-430x287.jpg 430w, https:\/\/laracchetta.eu\/racchetta\/wp-content\/uploads\/2019\/08\/sancascianovialepertini_1-150x100.jpg 150w, https:\/\/laracchetta.eu\/racchetta\/wp-content\/uploads\/2019\/08\/sancascianovialepertini_1-100x67.jpg 100w, https:\/\/laracchetta.eu\/racchetta\/wp-content\/uploads\/2019\/08\/sancascianovialepertini_1.jpg 900w\" sizes=\"auto, (max-width: 300px) 100vw, 300px\" \/><\/p>\n<p>SAN CASCIANO &#8211; Ancora un incendio e ancora una volta i volontari de La Racchetta\u00a0di San Casciano, con l\u2019appoggio dei volontari della sede del Ferrone, sono riusciti ad avere la meglio sulle fiamme. Sviluppatesi stavolta lungo lo &#8220;stradone&#8221;, il viale Sandro Pertini.<\/p>\n<p>E\u2019 successo nel pomeriggio di mercoled\u00ec 7 agosto, in una zona dove il traffico \u00e8 consistente perch\u00e9 la strada porta alla Coop e in direzione Empoli.<\/p>\n<p>Sul posto sono intervenuti prima i carabinieri della Stazione di San Casciano, che hanno operato nel dirigere il traffico per mettere in sicurezza gli uomini che stavano spengendo le fiamme, partite dal bordo strada. Successivamente sono arrivati gli agenti della polizia locale.<\/p>\n<p><img loading=\"lazy\" decoding=\"async\" class=\"alignleft size-medium wp-image-1034\" src=\"http:\/\/www.laracchetta.eu\/racchetta\/wp-content\/uploads\/2019\/08\/Screenshot_20190807-1713231-300x242.png\" alt=\"\" width=\"300\" height=\"242\" srcset=\"https:\/\/laracchetta.eu\/racchetta\/wp-content\/uploads\/2019\/08\/Screenshot_20190807-1713231-300x242.png 300w, https:\/\/laracchetta.eu\/racchetta\/wp-content\/uploads\/2019\/08\/Screenshot_20190807-1713231-768x619.png 768w, https:\/\/laracchetta.eu\/racchetta\/wp-content\/uploads\/2019\/08\/Screenshot_20190807-1713231-1024x825.png 1024w, https:\/\/laracchetta.eu\/racchetta\/wp-content\/uploads\/2019\/08\/Screenshot_20190807-1713231-750x605.png 750w, https:\/\/laracchetta.eu\/racchetta\/wp-content\/uploads\/2019\/08\/Screenshot_20190807-1713231-400x322.png 400w, https:\/\/laracchetta.eu\/racchetta\/wp-content\/uploads\/2019\/08\/Screenshot_20190807-1713231-430x347.png 430w, https:\/\/laracchetta.eu\/racchetta\/wp-content\/uploads\/2019\/08\/Screenshot_20190807-1713231-150x121.png 150w, https:\/\/laracchetta.eu\/racchetta\/wp-content\/uploads\/2019\/08\/Screenshot_20190807-1713231-100x81.png 100w, https:\/\/laracchetta.eu\/racchetta\/wp-content\/uploads\/2019\/08\/Screenshot_20190807-1713231.png 1047w\" sizes=\"auto, (max-width: 300px) 100vw, 300px\" \/>Per precauzione sono stati fatti arrivare anche i vigili del fuoco di Firenze Ovest, che hanno soffocato ogni focolaio, mentre i volontari de La Racchetta\u00a0hanno proseguito nelle operazioni di bonifica.<\/p>\n<p>Sul posto anche i carabinieri forestali che, insieme agli uomini della Stazione, stanno cercando di capire se l\u2019incendio sia doloso o se \u00e8 stato causato dall\u2019imprudenza di chi ha gettato un mozzicone di sigaretta da una macchina.<\/p>\n<p>Un ringraziamento particolare a tutti coloro che con grande impegno e professionalit\u00e0 si sono e si stanno prodigando in questi giorni \u00e8 stato espresso dal sindaco di San Casciano,\u00a0<strong>Roberto Ciappi<\/strong>.<\/p>\n<pre>fonte e foto:\u00a0http:\/\/www.gazzettinodelchianti.it\/articoli\/approfondimenti\/25381\/notizie-su-san-casciano\/incendio-viale-pertini-7-agosto.php#.XUsZH-gzbtQ<\/pre>\n<div id='gallery-1' class='gallery galleryid-1013 gallery-columns-3 gallery-size-thumbnail'><figure class='gallery-item'>\n\t\t\t<div class='gallery-icon landscape'>\n\t\t\t\t<a href='https:\/\/laracchetta.eu\/racchetta\/?attachment_id=1014'><img loading=\"lazy\" decoding=\"async\" width=\"150\" height=\"150\" src=\"https:\/\/laracchetta.eu\/racchetta\/wp-content\/uploads\/2019\/08\/sancascianovialepertini_1-150x150.jpg\" class=\"attachment-thumbnail size-thumbnail\" alt=\"\" \/><\/a>\n\t\t\t<\/div><\/figure><figure class='gallery-item'>\n\t\t\t<div class='gallery-icon landscape'>\n\t\t\t\t<a href='https:\/\/laracchetta.eu\/racchetta\/?attachment_id=1015'><img loading=\"lazy\" decoding=\"async\" width=\"150\" height=\"150\" src=\"https:\/\/laracchetta.eu\/racchetta\/wp-content\/uploads\/2019\/08\/sancascianovialepertini_2-150x150.jpg\" class=\"attachment-thumbnail size-thumbnail\" alt=\"\" \/><\/a>\n\t\t\t<\/div><\/figure><figure class='gallery-item'>\n\t\t\t<div class='gallery-icon landscape'>\n\t\t\t\t<a href='https:\/\/laracchetta.eu\/racchetta\/?attachment_id=1016'><img loading=\"lazy\" decoding=\"async\" width=\"150\" height=\"150\" src=\"https:\/\/laracchetta.eu\/racchetta\/wp-content\/uploads\/2019\/08\/sancascianovialepertini7.8.2019_01-20190807-200240-150x150.jpg\" class=\"attachment-thumbnail size-thumbnail\" alt=\"\" \/><\/a>\n\t\t\t<\/div><\/figure><figure class='gallery-item'>\n\t\t\t<div class='gallery-icon landscape'>\n\t\t\t\t<a href='https:\/\/laracchetta.eu\/racchetta\/?attachment_id=1017'><img loading=\"lazy\" decoding=\"async\" width=\"150\" height=\"150\" src=\"https:\/\/laracchetta.eu\/racchetta\/wp-content\/uploads\/2019\/08\/sancascianovialepertini7.8.2019_03-20190807-200244-150x150.jpg\" class=\"attachment-thumbnail size-thumbnail\" alt=\"\" \/><\/a>\n\t\t\t<\/div><\/figure><figure class='gallery-item'>\n\t\t\t<div class='gallery-icon landscape'>\n\t\t\t\t<a href='https:\/\/laracchetta.eu\/racchetta\/?attachment_id=1018'><img loading=\"lazy\" decoding=\"async\" width=\"150\" height=\"150\" src=\"https:\/\/laracchetta.eu\/racchetta\/wp-content\/uploads\/2019\/08\/sancascianovialepertini7.8.2019_05-20190807-200248-150x150.jpg\" class=\"attachment-thumbnail size-thumbnail\" alt=\"\" \/><\/a>\n\t\t\t<\/div><\/figure><figure class='gallery-item'>\n\t\t\t<div class='gallery-icon landscape'>\n\t\t\t\t<a href='https:\/\/laracchetta.eu\/racchetta\/?attachment_id=1019'><img loading=\"lazy\" decoding=\"async\" width=\"150\" height=\"150\" src=\"https:\/\/laracchetta.eu\/racchetta\/wp-content\/uploads\/2019\/08\/sancascianovialepertini7.8.2019_06-20190807-200251-150x150.jpg\" class=\"attachment-thumbnail size-thumbnail\" alt=\"\" \/><\/a>\n\t\t\t<\/div><\/figure><figure class='gallery-item'>\n\t\t\t<div class='gallery-icon landscape'>\n\t\t\t\t<a href='https:\/\/laracchetta.eu\/racchetta\/?attachment_id=1020'><img loading=\"lazy\" decoding=\"async\" width=\"150\" height=\"150\" src=\"https:\/\/laracchetta.eu\/racchetta\/wp-content\/uploads\/2019\/08\/sancascianovialepertini7.8.2019_07-20190807-200254-150x150.jpg\" class=\"attachment-thumbnail size-thumbnail\" alt=\"\" \/><\/a>\n\t\t\t<\/div><\/figure><figure class='gallery-item'>\n\t\t\t<div class='gallery-icon landscape'>\n\t\t\t\t<a href='https:\/\/laracchetta.eu\/racchetta\/?attachment_id=1021'><img loading=\"lazy\" decoding=\"async\" width=\"150\" height=\"150\" src=\"https:\/\/laracchetta.eu\/racchetta\/wp-content\/uploads\/2019\/08\/sancascianovialepertini7.8.2019_08-20190807-200257-150x150.jpg\" class=\"attachment-thumbnail size-thumbnail\" alt=\"\" \/><\/a>\n\t\t\t<\/div><\/figure><figure class='gallery-item'>\n\t\t\t<div class='gallery-icon landscape'>\n\t\t\t\t<a href='https:\/\/laracchetta.eu\/racchetta\/?attachment_id=1022'><img loading=\"lazy\" decoding=\"async\" width=\"150\" height=\"150\" src=\"https:\/\/laracchetta.eu\/racchetta\/wp-content\/uploads\/2019\/08\/sancascianovialepertini7.8.2019_09-20190807-200300-150x150.jpg\" class=\"attachment-thumbnail size-thumbnail\" alt=\"\" \/><\/a>\n\t\t\t<\/div><\/figure><figure class='gallery-item'>\n\t\t\t<div class='gallery-icon landscape'>\n\t\t\t\t<a href='https:\/\/laracchetta.eu\/racchetta\/?attachment_id=1023'><img loading=\"lazy\" decoding=\"async\" width=\"150\" height=\"150\" src=\"https:\/\/laracchetta.eu\/racchetta\/wp-content\/uploads\/2019\/08\/sancascianovialepertini7.8.2019_12-20190807-200310-150x150.jpg\" class=\"attachment-thumbnail size-thumbnail\" alt=\"\" \/><\/a>\n\t\t\t<\/div><\/figure><figure class='gallery-item'>\n\t\t\t<div class='gallery-icon landscape'>\n\t\t\t\t<a href='https:\/\/laracchetta.eu\/racchetta\/?attachment_id=1024'><img loading=\"lazy\" decoding=\"async\" width=\"150\" height=\"150\" src=\"https:\/\/laracchetta.eu\/racchetta\/wp-content\/uploads\/2019\/08\/sancascianovialepertini7.8.2019_13-20190807-200314-150x150.jpg\" class=\"attachment-thumbnail size-thumbnail\" alt=\"\" \/><\/a>\n\t\t\t<\/div><\/figure><figure class='gallery-item'>\n\t\t\t<div class='gallery-icon landscape'>\n\t\t\t\t<a href='https:\/\/laracchetta.eu\/racchetta\/?attachment_id=1025'><img loading=\"lazy\" decoding=\"async\" width=\"150\" height=\"150\" src=\"https:\/\/laracchetta.eu\/racchetta\/wp-content\/uploads\/2019\/08\/sancascianovialepertini7.8.2019_15-20190807-200317-150x150.jpg\" class=\"attachment-thumbnail size-thumbnail\" alt=\"\" \/><\/a>\n\t\t\t<\/div><\/figure><figure class='gallery-item'>\n\t\t\t<div class='gallery-icon landscape'>\n\t\t\t\t<a href='https:\/\/laracchetta.eu\/racchetta\/?attachment_id=1026'><img loading=\"lazy\" decoding=\"async\" width=\"150\" height=\"150\" src=\"https:\/\/laracchetta.eu\/racchetta\/wp-content\/uploads\/2019\/08\/sancascianovialepertini7.8.2019_16-20190807-200321-150x150.jpg\" class=\"attachment-thumbnail size-thumbnail\" alt=\"\" \/><\/a>\n\t\t\t<\/div><\/figure><figure class='gallery-item'>\n\t\t\t<div class='gallery-icon landscape'>\n\t\t\t\t<a href='https:\/\/laracchetta.eu\/racchetta\/?attachment_id=1027'><img loading=\"lazy\" decoding=\"async\" width=\"150\" height=\"150\" src=\"https:\/\/laracchetta.eu\/racchetta\/wp-content\/uploads\/2019\/08\/sancascianovialepertini7.8.2019_18-20190807-200327-150x150.jpg\" class=\"attachment-thumbnail size-thumbnail\" alt=\"\" \/><\/a>\n\t\t\t<\/div><\/figure><figure class='gallery-item'>\n\t\t\t<div class='gallery-icon landscape'>\n\t\t\t\t<a href='https:\/\/laracchetta.eu\/racchetta\/?attachment_id=1028'><img loading=\"lazy\" decoding=\"async\" width=\"150\" height=\"150\" src=\"https:\/\/laracchetta.eu\/racchetta\/wp-content\/uploads\/2019\/08\/sancascianovialepertini7.8.2019_19-20190807-200330-150x150.jpg\" class=\"attachment-thumbnail size-thumbnail\" alt=\"\" \/><\/a>\n\t\t\t<\/div><\/figure><figure class='gallery-item'>\n\t\t\t<div class='gallery-icon landscape'>\n\t\t\t\t<a href='https:\/\/laracchetta.eu\/racchetta\/?attachment_id=1029'><img loading=\"lazy\" decoding=\"async\" width=\"150\" height=\"150\" src=\"https:\/\/laracchetta.eu\/racchetta\/wp-content\/uploads\/2019\/08\/sancascianovialepertini7.8.2019_21-20190807-200333-150x150.jpg\" class=\"attachment-thumbnail size-thumbnail\" alt=\"\" \/><\/a>\n\t\t\t<\/div><\/figure>\n\t\t<\/div>\n\n","protected":false},"excerpt":{"rendered":"<p>Sul posto anche carabinieri, polizia locale e vigili del fuoco: il grazie del sindaco Roberto Ciappi SAN CASCIANO &#8211; Ancora un incendio e ancora una volta i volontari de La [&hellip;]<\/p>\n","protected":false},"author":1,"featured_media":1014,"comment_status":"open","ping_status":"open","sticky":false,"template":"","format":"standard","meta":{"footnotes":""},"categories":[5,12],"tags":[],"class_list":["post-1013","post","type-post","status-publish","format-standard","has-post-thumbnail","hentry","category-fiorentino","category-incendio"],"yoast_head":"<!-- This site is optimized with the Yoast SEO plugin v25.0 - https:\/\/yoast.com\/wordpress\/plugins\/seo\/ -->\n<title>Incendio lungo viale Pertini: decisivo l&#039;intervento dei volontari de La Racchetta - La Racchetta ODV<\/title>\n<meta name=\"robots\" content=\"index, follow, max-snippet:-1, max-image-preview:large, max-video-preview:-1\" \/>\n<link rel=\"canonical\" href=\"https:\/\/laracchetta.eu\/racchetta\/?p=1013\" \/>\n<meta property=\"og:locale\" content=\"it_IT\" \/>\n<meta property=\"og:type\" content=\"article\" \/>\n<meta property=\"og:title\" content=\"Incendio lungo viale Pertini: decisivo l&#039;intervento dei volontari de La Racchetta - La Racchetta ODV\" \/>\n<meta property=\"og:description\" content=\"Sul posto anche carabinieri, polizia locale e vigili del fuoco: il grazie del sindaco Roberto Ciappi SAN CASCIANO &#8211; Ancora un incendio e ancora una volta i volontari de La [&hellip;]\" \/>\n<meta property=\"og:url\" content=\"https:\/\/laracchetta.eu\/racchetta\/?p=1013\" \/>\n<meta property=\"og:site_name\" content=\"La Racchetta ODV\" \/>\n<meta property=\"article:publisher\" content=\"https:\/\/www.facebook.com\/LaRacchettaODV\" \/>\n<meta property=\"article:published_time\" content=\"2019-08-07T18:43:11+00:00\" \/>\n<meta property=\"article:modified_time\" content=\"2019-08-07T18:56:46+00:00\" \/>\n<meta property=\"og:image\" content=\"https:\/\/laracchetta.eu\/racchetta\/wp-content\/uploads\/2019\/08\/sancascianovialepertini_1.jpg\" \/>\n\t<meta property=\"og:image:width\" content=\"900\" \/>\n\t<meta property=\"og:image:height\" content=\"600\" \/>\n\t<meta property=\"og:image:type\" content=\"image\/jpeg\" \/>\n<meta name=\"author\" content=\"Niccolo_Gori\" \/>\n<meta name=\"twitter:card\" content=\"summary_large_image\" \/>\n<meta name=\"twitter:label1\" content=\"Scritto da\" \/>\n\t<meta name=\"twitter:data1\" content=\"Niccolo_Gori\" \/>\n\t<meta name=\"twitter:label2\" content=\"Tempo di lettura stimato\" \/>\n\t<meta name=\"twitter:data2\" content=\"1 minuto\" \/>\n<script type=\"application\/ld+json\" class=\"yoast-schema-graph\">{\"@context\":\"https:\/\/schema.org\",\"@graph\":[{\"@type\":\"Article\",\"@id\":\"https:\/\/laracchetta.eu\/racchetta\/?p=1013#article\",\"isPartOf\":{\"@id\":\"https:\/\/laracchetta.eu\/racchetta\/?p=1013\"},\"author\":{\"name\":\"Niccolo_Gori\",\"@id\":\"https:\/\/laracchetta.eu\/racchetta\/#\/schema\/person\/0afcba71d540560eec3f24de9152e06d\"},\"headline\":\"Incendio lungo viale Pertini: decisivo l&#8217;intervento dei volontari de La Racchetta\",\"datePublished\":\"2019-08-07T18:43:11+00:00\",\"dateModified\":\"2019-08-07T18:56:46+00:00\",\"mainEntityOfPage\":{\"@id\":\"https:\/\/laracchetta.eu\/racchetta\/?p=1013\"},\"wordCount\":239,\"commentCount\":0,\"publisher\":{\"@id\":\"https:\/\/laracchetta.eu\/racchetta\/#organization\"},\"image\":{\"@id\":\"https:\/\/laracchetta.eu\/racchetta\/?p=1013#primaryimage\"},\"thumbnailUrl\":\"https:\/\/laracchetta.eu\/racchetta\/wp-content\/uploads\/2019\/08\/sancascianovialepertini_1.jpg\",\"articleSection\":[\"Fiorentino\",\"Incendio\"],\"inLanguage\":\"it-IT\",\"potentialAction\":[{\"@type\":\"CommentAction\",\"name\":\"Comment\",\"target\":[\"https:\/\/laracchetta.eu\/racchetta\/?p=1013#respond\"]}]},{\"@type\":\"WebPage\",\"@id\":\"https:\/\/laracchetta.eu\/racchetta\/?p=1013\",\"url\":\"https:\/\/laracchetta.eu\/racchetta\/?p=1013\",\"name\":\"Incendio lungo viale Pertini: decisivo l'intervento dei volontari de La Racchetta - La Racchetta ODV\",\"isPartOf\":{\"@id\":\"https:\/\/laracchetta.eu\/racchetta\/#website\"},\"primaryImageOfPage\":{\"@id\":\"https:\/\/laracchetta.eu\/racchetta\/?p=1013#primaryimage\"},\"image\":{\"@id\":\"https:\/\/laracchetta.eu\/racchetta\/?p=1013#primaryimage\"},\"thumbnailUrl\":\"https:\/\/laracchetta.eu\/racchetta\/wp-content\/uploads\/2019\/08\/sancascianovialepertini_1.jpg\",\"datePublished\":\"2019-08-07T18:43:11+00:00\",\"dateModified\":\"2019-08-07T18:56:46+00:00\",\"breadcrumb\":{\"@id\":\"https:\/\/laracchetta.eu\/racchetta\/?p=1013#breadcrumb\"},\"inLanguage\":\"it-IT\",\"potentialAction\":[{\"@type\":\"ReadAction\",\"target\":[\"https:\/\/laracchetta.eu\/racchetta\/?p=1013\"]}]},{\"@type\":\"ImageObject\",\"inLanguage\":\"it-IT\",\"@id\":\"https:\/\/laracchetta.eu\/racchetta\/?p=1013#primaryimage\",\"url\":\"https:\/\/laracchetta.eu\/racchetta\/wp-content\/uploads\/2019\/08\/sancascianovialepertini_1.jpg\",\"contentUrl\":\"https:\/\/laracchetta.eu\/racchetta\/wp-content\/uploads\/2019\/08\/sancascianovialepertini_1.jpg\",\"width\":900,\"height\":600},{\"@type\":\"BreadcrumbList\",\"@id\":\"https:\/\/laracchetta.eu\/racchetta\/?p=1013#breadcrumb\",\"itemListElement\":[{\"@type\":\"ListItem\",\"position\":1,\"name\":\"Home\",\"item\":\"https:\/\/laracchetta.eu\/racchetta\/\"},{\"@type\":\"ListItem\",\"position\":2,\"name\":\"Incendio lungo viale Pertini: decisivo l&#8217;intervento dei volontari de La Racchetta\"}]},{\"@type\":\"WebSite\",\"@id\":\"https:\/\/laracchetta.eu\/racchetta\/#website\",\"url\":\"https:\/\/laracchetta.eu\/racchetta\/\",\"name\":\"La Racchetta ODV\",\"description\":\"Organizzazione di Volontariato - Antincendio Boschivo e Protezione Civile\",\"publisher\":{\"@id\":\"https:\/\/laracchetta.eu\/racchetta\/#organization\"},\"potentialAction\":[{\"@type\":\"SearchAction\",\"target\":{\"@type\":\"EntryPoint\",\"urlTemplate\":\"https:\/\/laracchetta.eu\/racchetta\/?s={search_term_string}\"},\"query-input\":{\"@type\":\"PropertyValueSpecification\",\"valueRequired\":true,\"valueName\":\"search_term_string\"}}],\"inLanguage\":\"it-IT\"},{\"@type\":\"Organization\",\"@id\":\"https:\/\/laracchetta.eu\/racchetta\/#organization\",\"name\":\"La Racchetta Odv\",\"url\":\"https:\/\/laracchetta.eu\/racchetta\/\",\"logo\":{\"@type\":\"ImageObject\",\"inLanguage\":\"it-IT\",\"@id\":\"https:\/\/laracchetta.eu\/racchetta\/#\/schema\/logo\/image\/\",\"url\":\"https:\/\/i0.wp.com\/laracchetta.eu\/racchetta\/wp-content\/uploads\/2017\/01\/logo-racchetta.png?fit=2237%2C2159&ssl=1\",\"contentUrl\":\"https:\/\/i0.wp.com\/laracchetta.eu\/racchetta\/wp-content\/uploads\/2017\/01\/logo-racchetta.png?fit=2237%2C2159&ssl=1\",\"width\":2237,\"height\":2159,\"caption\":\"La Racchetta Odv\"},\"image\":{\"@id\":\"https:\/\/laracchetta.eu\/racchetta\/#\/schema\/logo\/image\/\"},\"sameAs\":[\"https:\/\/www.facebook.com\/LaRacchettaODV\",\"https:\/\/www.instagram.com\/laracchettaodv\/\"]},{\"@type\":\"Person\",\"@id\":\"https:\/\/laracchetta.eu\/racchetta\/#\/schema\/person\/0afcba71d540560eec3f24de9152e06d\",\"name\":\"Niccolo_Gori\",\"image\":{\"@type\":\"ImageObject\",\"inLanguage\":\"it-IT\",\"@id\":\"https:\/\/laracchetta.eu\/racchetta\/#\/schema\/person\/image\/\",\"url\":\"https:\/\/secure.gravatar.com\/avatar\/52e1612cd6f6d2531b195755517139329fe0864e6748c7b5b2d846cbe836fcf5?s=96&d=mm&r=g\",\"contentUrl\":\"https:\/\/secure.gravatar.com\/avatar\/52e1612cd6f6d2531b195755517139329fe0864e6748c7b5b2d846cbe836fcf5?s=96&d=mm&r=g\",\"caption\":\"Niccolo_Gori\"},\"url\":\"https:\/\/laracchetta.eu\/racchetta\/?author=1\"}]}<\/script>\n<!-- \/ Yoast SEO plugin. -->","yoast_head_json":{"title":"Incendio lungo viale Pertini: decisivo l'intervento dei volontari de La Racchetta - La Racchetta ODV","robots":{"index":"index","follow":"follow","max-snippet":"max-snippet:-1","max-image-preview":"max-image-preview:large","max-video-preview":"max-video-preview:-1"},"canonical":"https:\/\/laracchetta.eu\/racchetta\/?p=1013","og_locale":"it_IT","og_type":"article","og_title":"Incendio lungo viale Pertini: decisivo l'intervento dei volontari de La Racchetta - La Racchetta ODV","og_description":"Sul posto anche carabinieri, polizia locale e vigili del fuoco: il grazie del sindaco Roberto Ciappi SAN CASCIANO &#8211; Ancora un incendio e ancora una volta i volontari de La [&hellip;]","og_url":"https:\/\/laracchetta.eu\/racchetta\/?p=1013","og_site_name":"La Racchetta ODV","article_publisher":"https:\/\/www.facebook.com\/LaRacchettaODV","article_published_time":"2019-08-07T18:43:11+00:00","article_modified_time":"2019-08-07T18:56:46+00:00","og_image":[{"width":900,"height":600,"url":"https:\/\/laracchetta.eu\/racchetta\/wp-content\/uploads\/2019\/08\/sancascianovialepertini_1.jpg","type":"image\/jpeg"}],"author":"Niccolo_Gori","twitter_card":"summary_large_image","twitter_misc":{"Scritto da":"Niccolo_Gori","Tempo di lettura stimato":"1 minuto"},"schema":{"@context":"https:\/\/schema.org","@graph":[{"@type":"Article","@id":"https:\/\/laracchetta.eu\/racchetta\/?p=1013#article","isPartOf":{"@id":"https:\/\/laracchetta.eu\/racchetta\/?p=1013"},"author":{"name":"Niccolo_Gori","@id":"https:\/\/laracchetta.eu\/racchetta\/#\/schema\/person\/0afcba71d540560eec3f24de9152e06d"},"headline":"Incendio lungo viale Pertini: decisivo l&#8217;intervento dei volontari de La Racchetta","datePublished":"2019-08-07T18:43:11+00:00","dateModified":"2019-08-07T18:56:46+00:00","mainEntityOfPage":{"@id":"https:\/\/laracchetta.eu\/racchetta\/?p=1013"},"wordCount":239,"commentCount":0,"publisher":{"@id":"https:\/\/laracchetta.eu\/racchetta\/#organization"},"image":{"@id":"https:\/\/laracchetta.eu\/racchetta\/?p=1013#primaryimage"},"thumbnailUrl":"https:\/\/laracchetta.eu\/racchetta\/wp-content\/uploads\/2019\/08\/sancascianovialepertini_1.jpg","articleSection":["Fiorentino","Incendio"],"inLanguage":"it-IT","potentialAction":[{"@type":"CommentAction","name":"Comment","target":["https:\/\/laracchetta.eu\/racchetta\/?p=1013#respond"]}]},{"@type":"WebPage","@id":"https:\/\/laracchetta.eu\/racchetta\/?p=1013","url":"https:\/\/laracchetta.eu\/racchetta\/?p=1013","name":"Incendio lungo viale Pertini: decisivo l'intervento dei volontari de La Racchetta - La Racchetta ODV","isPartOf":{"@id":"https:\/\/laracchetta.eu\/racchetta\/#website"},"primaryImageOfPage":{"@id":"https:\/\/laracchetta.eu\/racchetta\/?p=1013#primaryimage"},"image":{"@id":"https:\/\/laracchetta.eu\/racchetta\/?p=1013#primaryimage"},"thumbnailUrl":"https:\/\/laracchetta.eu\/racchetta\/wp-content\/uploads\/2019\/08\/sancascianovialepertini_1.jpg","datePublished":"2019-08-07T18:43:11+00:00","dateModified":"2019-08-07T18:56:46+00:00","breadcrumb":{"@id":"https:\/\/laracchetta.eu\/racchetta\/?p=1013#breadcrumb"},"inLanguage":"it-IT","potentialAction":[{"@type":"ReadAction","target":["https:\/\/laracchetta.eu\/racchetta\/?p=1013"]}]},{"@type":"ImageObject","inLanguage":"it-IT","@id":"https:\/\/laracchetta.eu\/racchetta\/?p=1013#primaryimage","url":"https:\/\/laracchetta.eu\/racchetta\/wp-content\/uploads\/2019\/08\/sancascianovialepertini_1.jpg","contentUrl":"https:\/\/laracchetta.eu\/racchetta\/wp-content\/uploads\/2019\/08\/sancascianovialepertini_1.jpg","width":900,"height":600},{"@type":"BreadcrumbList","@id":"https:\/\/laracchetta.eu\/racchetta\/?p=1013#breadcrumb","itemListElement":[{"@type":"ListItem","position":1,"name":"Home","item":"https:\/\/laracchetta.eu\/racchetta\/"},{"@type":"ListItem","position":2,"name":"Incendio lungo viale Pertini: decisivo l&#8217;intervento dei volontari de La Racchetta"}]},{"@type":"WebSite","@id":"https:\/\/laracchetta.eu\/racchetta\/#website","url":"https:\/\/laracchetta.eu\/racchetta\/","name":"La Racchetta ODV","description":"Organizzazione di Volontariato - Antincendio Boschivo e Protezione Civile","publisher":{"@id":"https:\/\/laracchetta.eu\/racchetta\/#organization"},"potentialAction":[{"@type":"SearchAction","target":{"@type":"EntryPoint","urlTemplate":"https:\/\/laracchetta.eu\/racchetta\/?s={search_term_string}"},"query-input":{"@type":"PropertyValueSpecification","valueRequired":true,"valueName":"search_term_string"}}],"inLanguage":"it-IT"},{"@type":"Organization","@id":"https:\/\/laracchetta.eu\/racchetta\/#organization","name":"La Racchetta Odv","url":"https:\/\/laracchetta.eu\/racchetta\/","logo":{"@type":"ImageObject","inLanguage":"it-IT","@id":"https:\/\/laracchetta.eu\/racchetta\/#\/schema\/logo\/image\/","url":"https:\/\/i0.wp.com\/laracchetta.eu\/racchetta\/wp-content\/uploads\/2017\/01\/logo-racchetta.png?fit=2237%2C2159&ssl=1","contentUrl":"https:\/\/i0.wp.com\/laracchetta.eu\/racchetta\/wp-content\/uploads\/2017\/01\/logo-racchetta.png?fit=2237%2C2159&ssl=1","width":2237,"height":2159,"caption":"La Racchetta Odv"},"image":{"@id":"https:\/\/laracchetta.eu\/racchetta\/#\/schema\/logo\/image\/"},"sameAs":["https:\/\/www.facebook.com\/LaRacchettaODV","https:\/\/www.instagram.com\/laracchettaodv\/"]},{"@type":"Person","@id":"https:\/\/laracchetta.eu\/racchetta\/#\/schema\/person\/0afcba71d540560eec3f24de9152e06d","name":"Niccolo_Gori","image":{"@type":"ImageObject","inLanguage":"it-IT","@id":"https:\/\/laracchetta.eu\/racchetta\/#\/schema\/person\/image\/","url":"https:\/\/secure.gravatar.com\/avatar\/52e1612cd6f6d2531b195755517139329fe0864e6748c7b5b2d846cbe836fcf5?s=96&d=mm&r=g","contentUrl":"https:\/\/secure.gravatar.com\/avatar\/52e1612cd6f6d2531b195755517139329fe0864e6748c7b5b2d846cbe836fcf5?s=96&d=mm&r=g","caption":"Niccolo_Gori"},"url":"https:\/\/laracchetta.eu\/racchetta\/?author=1"}]}},"jetpack_featured_media_url":"https:\/\/laracchetta.eu\/racchetta\/wp-content\/uploads\/2019\/08\/sancascianovialepertini_1.jpg","_links":{"self":[{"href":"https:\/\/laracchetta.eu\/racchetta\/index.php?rest_route=\/wp\/v2\/posts\/1013","targetHints":{"allow":["GET"]}}],"collection":[{"href":"https:\/\/laracchetta.eu\/racchetta\/index.php?rest_route=\/wp\/v2\/posts"}],"about":[{"href":"https:\/\/laracchetta.eu\/racchetta\/index.php?rest_route=\/wp\/v2\/types\/post"}],"author":[{"embeddable":true,"href":"https:\/\/laracchetta.eu\/racchetta\/index.php?rest_route=\/wp\/v2\/users\/1"}],"replies":[{"embeddable":true,"href":"https:\/\/laracchetta.eu\/racchetta\/index.php?rest_route=%2Fwp%2Fv2%2Fcomments&post=1013"}],"version-history":[{"count":6,"href":"https:\/\/laracchetta.eu\/racchetta\/index.php?rest_route=\/wp\/v2\/posts\/1013\/revisions"}],"predecessor-version":[{"id":1036,"href":"https:\/\/laracchetta.eu\/racchetta\/index.php?rest_route=\/wp\/v2\/posts\/1013\/revisions\/1036"}],"wp:featuredmedia":[{"embeddable":true,"href":"https:\/\/laracchetta.eu\/racchetta\/index.php?rest_route=\/wp\/v2\/media\/1014"}],"wp:attachment":[{"href":"https:\/\/laracchetta.eu\/racchetta\/index.php?rest_route=%2Fwp%2Fv2%2Fmedia&parent=1013"}],"wp:term":[{"taxonomy":"category","embeddable":true,"href":"https:\/\/laracchetta.eu\/racchetta\/index.php?rest_route=%2Fwp%2Fv2%2Fcategories&post=1013"},{"taxonomy":"post_tag","embeddable":true,"href":"https:\/\/laracchetta.eu\/racchetta\/index.php?rest_route=%2Fwp%2Fv2%2Ftags&post=1013"}],"curies":[{"name":"wp","href":"https:\/\/api.w.org\/{rel}","templated":true}]}}